{"id":6962,"date":"2026-03-10T15:49:19","date_gmt":"2026-03-10T14:49:19","guid":{"rendered":"https:\/\/mptpetitcharran.fr\/?p=6962"},"modified":"2026-03-10T15:49:21","modified_gmt":"2026-03-10T14:49:21","slug":"ateliers-parents-enfants-vacances-de-printemps","status":"publish","type":"post","link":"https:\/\/mptpetitcharran.fr\/?p=6962","title":{"rendered":"Ateliers parents-enfants : vacances de printemps"},"content":{"rendered":"\n<figure class=\"wp-block-image size-large\"><img loading=\"lazy\" decoding=\"async\" width=\"724\" height=\"1024\" src=\"https:\/\/mptpetitcharran.fr\/wp-content\/uploads\/2026\/03\/Atelier-parents-enfants-724x1024.png\" alt=\"\" class=\"wp-image-6963\" srcset=\"https:\/\/mptpetitcharran.fr\/wp-content\/uploads\/2026\/03\/Atelier-parents-enfants-724x1024.png 724w, https:\/\/mptpetitcharran.fr\/wp-content\/uploads\/2026\/03\/Atelier-parents-enfants-212x300.png 212w, https:\/\/mptpetitcharran.fr\/wp-content\/uploads\/2026\/03\/Atelier-parents-enfants-768x1086.png 768w, https:\/\/mptpetitcharran.fr\/wp-content\/uploads\/2026\/03\/Atelier-parents-enfants-1086x1536.png 1086w, https:\/\/mptpetitcharran.fr\/wp-content\/uploads\/2026\/03\/Atelier-parents-enfants-700x990.png 700w, https:\/\/mptpetitcharran.fr\/wp-content\/uploads\/2026\/03\/Atelier-parents-enfants-283x400.png 283w, https:\/\/mptpetitcharran.fr\/wp-content\/uploads\/2026\/03\/Atelier-parents-enfants.png 1414w\" sizes=\"auto, (max-width: 724px) 100vw, 724px\" \/><\/figure>\n\n\n\n<p><strong>Pendant les vacances de printemps<\/strong>, la Maison Pour Tous du Petit Charran propose une s\u00e9rie d\u2019<strong>ateliers parents-enfants<\/strong> \u00e0 Valence, pour partager des moments cr\u00e9atifs et ludiques en famille.<\/p>\n\n\n\n<p> <strong>Programme des ateliers d\u2019automne<\/strong> :<\/p>\n\n\n\n<ul class=\"wp-block-list\">\n<li><strong>Mercredi 8 avril \u00e0 9h \u2013 Sortie \u00e0 \u201cL\u2019Artsolite\u201d<\/strong> <strong>\u00e0 St Jeans Royans<\/strong><br>Exposition : Inspirations Japon<br>Atelier : Estampe Sakura<br><em>Minibus : places limit\u00e9es.<\/em><\/li>\n\n\n\n<li><strong>Vendredi 10 avril de 9h30 \u00e0 11h30 \u2013 Fabrication carnet japonais<\/strong><br>Adapt\u00e9 \u00e0 l\u2019\u00e2ge des enfants et aux adultes.<\/li>\n\n\n\n<li><strong>Lundi 13 avril <strong>de 9h30 \u00e0 11h30<\/strong> \u2013 <\/strong>Poisson d\u2019avril en folie !<\/li>\n\n\n\n<li><strong><strong>Mardi 14 avril <strong>de 9h \u00e0 12h<\/strong> \u2013 Batch cooking go\u00fbter<\/strong><\/strong><br><em>Places limit\u00e9es<\/em><\/li>\n<\/ul>\n\n\n\n<p> <strong>Tarif :<\/strong> 15 \u20ac pour toute l\u2019ann\u00e9e + adh\u00e9sion famille (24 \u20ac).<br> <strong>Infos &amp; inscriptions :<\/strong> Magali Duval \u2013 04 12 04 12 62 \u2013 <a>famille@mptpetitcharran.org<\/a><\/p>\n\n\n\n<p><\/p>\n","protected":false},"excerpt":{"rendered":"<p>Pendant les vacances de printemps, la Maison Pour Tous du Petit Charran propose une s\u00e9rie d\u2019ateliers parents-enfants \u00e0 Valence, pour partager des moments cr\u00e9atifs et ludiques en famille. Programme des &hellip; <a href=\"https:\/\/mptpetitcharran.fr\/?p=6962\" class=\"more-link\">Continue reading <span class=\"screen-reader-text\">Ateliers parents-enfants : vacances de printemps<\/span> <span class=\"meta-nav\">&rarr;<\/span><\/a><\/p>\n","protected":false},"author":1,"featured_media":0,"comment_status":"closed","ping_status":"open","sticky":false,"template":"","format":"standard","meta":{"footnotes":""},"categories":[3],"tags":[],"class_list":["post-6962","post","type-post","status-publish","format-standard","hentry","category-actualites"],"yoast_head":"<!-- This site is optimized with the Yoast SEO plugin v27.0 - https:\/\/yoast.com\/product\/yoast-seo-wordpress\/ -->\n<title>Ateliers parents-enfants : vacances de printemps - Maison pour tous du Petit charran<\/title>\n<meta name=\"robots\" content=\"index, follow, max-snippet:-1, max-image-preview:large, max-video-preview:-1\" \/>\n<link rel=\"canonical\" href=\"https:\/\/mptpetitcharran.fr\/?p=6962\" \/>\n<meta property=\"og:locale\" content=\"fr_FR\" \/>\n<meta property=\"og:type\" content=\"article\" \/>\n<meta property=\"og:title\" content=\"Ateliers parents-enfants : vacances de printemps - Maison pour tous du Petit charran\" \/>\n<meta property=\"og:description\" content=\"Pendant les vacances de printemps, la Maison Pour Tous du Petit Charran propose une s\u00e9rie d\u2019ateliers parents-enfants \u00e0 Valence, pour partager des moments cr\u00e9atifs et ludiques en famille. Programme des &hellip; Continue reading Ateliers parents-enfants : vacances de printemps &rarr;\" \/>\n<meta property=\"og:url\" content=\"https:\/\/mptpetitcharran.fr\/?p=6962\" \/>\n<meta property=\"og:site_name\" content=\"Maison pour tous du Petit charran\" \/>\n<meta property=\"article:publisher\" content=\"https:\/\/www.facebook.com\/mptpetitcharran\" \/>\n<meta property=\"article:published_time\" content=\"2026-03-10T14:49:19+00:00\" \/>\n<meta property=\"article:modified_time\" content=\"2026-03-10T14:49:21+00:00\" \/>\n<meta property=\"og:image\" content=\"https:\/\/mptpetitcharran.fr\/wp-content\/uploads\/2026\/03\/Atelier-parents-enfants.png\" \/>\n\t<meta property=\"og:image:width\" content=\"1414\" \/>\n\t<meta property=\"og:image:height\" content=\"2000\" \/>\n\t<meta property=\"og:image:type\" content=\"image\/png\" \/>\n<meta name=\"author\" content=\"MPTPETITCHARRAN\" \/>\n<meta name=\"twitter:card\" content=\"summary_large_image\" \/>\n<meta name=\"twitter:label1\" content=\"\u00c9crit par\" \/>\n\t<meta name=\"twitter:data1\" content=\"MPTPETITCHARRAN\" \/>\n\t<meta name=\"twitter:label2\" content=\"Dur\u00e9e de lecture estim\u00e9e\" \/>\n\t<meta name=\"twitter:data2\" content=\"1 minute\" \/>\n<script type=\"application\/ld+json\" class=\"yoast-schema-graph\">{\"@context\":\"https:\/\/schema.org\",\"@graph\":[{\"@type\":\"Article\",\"@id\":\"https:\/\/mptpetitcharran.fr\/?p=6962#article\",\"isPartOf\":{\"@id\":\"https:\/\/mptpetitcharran.fr\/?p=6962\"},\"author\":{\"name\":\"MPTPETITCHARRAN\",\"@id\":\"https:\/\/mptpetitcharran.fr\/#\/schema\/person\/9c65431267214d9391ade94ae4d49c52\"},\"headline\":\"Ateliers parents-enfants : vacances de printemps\",\"datePublished\":\"2026-03-10T14:49:19+00:00\",\"dateModified\":\"2026-03-10T14:49:21+00:00\",\"mainEntityOfPage\":{\"@id\":\"https:\/\/mptpetitcharran.fr\/?p=6962\"},\"wordCount\":113,\"publisher\":{\"@id\":\"https:\/\/mptpetitcharran.fr\/#organization\"},\"image\":{\"@id\":\"https:\/\/mptpetitcharran.fr\/?p=6962#primaryimage\"},\"thumbnailUrl\":\"https:\/\/mptpetitcharran.fr\/wp-content\/uploads\/2026\/03\/Atelier-parents-enfants-724x1024.png\",\"articleSection\":[\"Actualit\u00e9s\"],\"inLanguage\":\"fr-FR\"},{\"@type\":\"WebPage\",\"@id\":\"https:\/\/mptpetitcharran.fr\/?p=6962\",\"url\":\"https:\/\/mptpetitcharran.fr\/?p=6962\",\"name\":\"Ateliers parents-enfants : vacances de printemps - Maison pour tous du Petit charran\",\"isPartOf\":{\"@id\":\"https:\/\/mptpetitcharran.fr\/#website\"},\"primaryImageOfPage\":{\"@id\":\"https:\/\/mptpetitcharran.fr\/?p=6962#primaryimage\"},\"image\":{\"@id\":\"https:\/\/mptpetitcharran.fr\/?p=6962#primaryimage\"},\"thumbnailUrl\":\"https:\/\/mptpetitcharran.fr\/wp-content\/uploads\/2026\/03\/Atelier-parents-enfants-724x1024.png\",\"datePublished\":\"2026-03-10T14:49:19+00:00\",\"dateModified\":\"2026-03-10T14:49:21+00:00\",\"breadcrumb\":{\"@id\":\"https:\/\/mptpetitcharran.fr\/?p=6962#breadcrumb\"},\"inLanguage\":\"fr-FR\",\"potentialAction\":[{\"@type\":\"ReadAction\",\"target\":[\"https:\/\/mptpetitcharran.fr\/?p=6962\"]}]},{\"@type\":\"ImageObject\",\"inLanguage\":\"fr-FR\",\"@id\":\"https:\/\/mptpetitcharran.fr\/?p=6962#primaryimage\",\"url\":\"https:\/\/mptpetitcharran.fr\/wp-content\/uploads\/2026\/03\/Atelier-parents-enfants.png\",\"contentUrl\":\"https:\/\/mptpetitcharran.fr\/wp-content\/uploads\/2026\/03\/Atelier-parents-enfants.png\",\"width\":1414,\"height\":2000},{\"@type\":\"BreadcrumbList\",\"@id\":\"https:\/\/mptpetitcharran.fr\/?p=6962#breadcrumb\",\"itemListElement\":[{\"@type\":\"ListItem\",\"position\":1,\"name\":\"Accueil\",\"item\":\"https:\/\/mptpetitcharran.fr\/\"},{\"@type\":\"ListItem\",\"position\":2,\"name\":\"Ateliers parents-enfants : vacances de printemps\"}]},{\"@type\":\"WebSite\",\"@id\":\"https:\/\/mptpetitcharran.fr\/#website\",\"url\":\"https:\/\/mptpetitcharran.fr\/\",\"name\":\"Maison pour tous du Petit charran\",\"description\":\"\",\"publisher\":{\"@id\":\"https:\/\/mptpetitcharran.fr\/#organization\"},\"potentialAction\":[{\"@type\":\"SearchAction\",\"target\":{\"@type\":\"EntryPoint\",\"urlTemplate\":\"https:\/\/mptpetitcharran.fr\/?s={search_term_string}\"},\"query-input\":{\"@type\":\"PropertyValueSpecification\",\"valueRequired\":true,\"valueName\":\"search_term_string\"}}],\"inLanguage\":\"fr-FR\"},{\"@type\":\"Organization\",\"@id\":\"https:\/\/mptpetitcharran.fr\/#organization\",\"name\":\"Maison pour tous du Petit charran\",\"url\":\"https:\/\/mptpetitcharran.fr\/\",\"logo\":{\"@type\":\"ImageObject\",\"inLanguage\":\"fr-FR\",\"@id\":\"https:\/\/mptpetitcharran.fr\/#\/schema\/logo\/image\/\",\"url\":\"http:\/\/mptpetitcharran.fr\/wp-content\/uploads\/2023\/07\/cropped-logo_mptpc.jpg\",\"contentUrl\":\"http:\/\/mptpetitcharran.fr\/wp-content\/uploads\/2023\/07\/cropped-logo_mptpc.jpg\",\"width\":532,\"height\":529,\"caption\":\"Maison pour tous du Petit charran\"},\"image\":{\"@id\":\"https:\/\/mptpetitcharran.fr\/#\/schema\/logo\/image\/\"},\"sameAs\":[\"https:\/\/www.facebook.com\/mptpetitcharran\",\"https:\/\/www.instagram.com\/mptpetitcharran\/\"]},{\"@type\":\"Person\",\"@id\":\"https:\/\/mptpetitcharran.fr\/#\/schema\/person\/9c65431267214d9391ade94ae4d49c52\",\"name\":\"MPTPETITCHARRAN\",\"image\":{\"@type\":\"ImageObject\",\"inLanguage\":\"fr-FR\",\"@id\":\"https:\/\/mptpetitcharran.fr\/#\/schema\/person\/image\/\",\"url\":\"https:\/\/secure.gravatar.com\/avatar\/c577a9b79b93dc9adbe512b1cedf116eadc726863db46856eaf91d2fd1124aba?s=96&d=mm&r=g\",\"contentUrl\":\"https:\/\/secure.gravatar.com\/avatar\/c577a9b79b93dc9adbe512b1cedf116eadc726863db46856eaf91d2fd1124aba?s=96&d=mm&r=g\",\"caption\":\"MPTPETITCHARRAN\"},\"url\":\"https:\/\/mptpetitcharran.fr\/?author=1\"}]}<\/script>\n<!-- \/ Yoast SEO plugin. -->","yoast_head_json":{"title":"Ateliers parents-enfants : vacances de printemps - Maison pour tous du Petit charran","robots":{"index":"index","follow":"follow","max-snippet":"max-snippet:-1","max-image-preview":"max-image-preview:large","max-video-preview":"max-video-preview:-1"},"canonical":"https:\/\/mptpetitcharran.fr\/?p=6962","og_locale":"fr_FR","og_type":"article","og_title":"Ateliers parents-enfants : vacances de printemps - Maison pour tous du Petit charran","og_description":"Pendant les vacances de printemps, la Maison Pour Tous du Petit Charran propose une s\u00e9rie d\u2019ateliers parents-enfants \u00e0 Valence, pour partager des moments cr\u00e9atifs et ludiques en famille. Programme des &hellip; Continue reading Ateliers parents-enfants : vacances de printemps &rarr;","og_url":"https:\/\/mptpetitcharran.fr\/?p=6962","og_site_name":"Maison pour tous du Petit charran","article_publisher":"https:\/\/www.facebook.com\/mptpetitcharran","article_published_time":"2026-03-10T14:49:19+00:00","article_modified_time":"2026-03-10T14:49:21+00:00","og_image":[{"width":1414,"height":2000,"url":"https:\/\/mptpetitcharran.fr\/wp-content\/uploads\/2026\/03\/Atelier-parents-enfants.png","type":"image\/png"}],"author":"MPTPETITCHARRAN","twitter_card":"summary_large_image","twitter_misc":{"\u00c9crit par":"MPTPETITCHARRAN","Dur\u00e9e de lecture estim\u00e9e":"1 minute"},"schema":{"@context":"https:\/\/schema.org","@graph":[{"@type":"Article","@id":"https:\/\/mptpetitcharran.fr\/?p=6962#article","isPartOf":{"@id":"https:\/\/mptpetitcharran.fr\/?p=6962"},"author":{"name":"MPTPETITCHARRAN","@id":"https:\/\/mptpetitcharran.fr\/#\/schema\/person\/9c65431267214d9391ade94ae4d49c52"},"headline":"Ateliers parents-enfants : vacances de printemps","datePublished":"2026-03-10T14:49:19+00:00","dateModified":"2026-03-10T14:49:21+00:00","mainEntityOfPage":{"@id":"https:\/\/mptpetitcharran.fr\/?p=6962"},"wordCount":113,"publisher":{"@id":"https:\/\/mptpetitcharran.fr\/#organization"},"image":{"@id":"https:\/\/mptpetitcharran.fr\/?p=6962#primaryimage"},"thumbnailUrl":"https:\/\/mptpetitcharran.fr\/wp-content\/uploads\/2026\/03\/Atelier-parents-enfants-724x1024.png","articleSection":["Actualit\u00e9s"],"inLanguage":"fr-FR"},{"@type":"WebPage","@id":"https:\/\/mptpetitcharran.fr\/?p=6962","url":"https:\/\/mptpetitcharran.fr\/?p=6962","name":"Ateliers parents-enfants : vacances de printemps - Maison pour tous du Petit charran","isPartOf":{"@id":"https:\/\/mptpetitcharran.fr\/#website"},"primaryImageOfPage":{"@id":"https:\/\/mptpetitcharran.fr\/?p=6962#primaryimage"},"image":{"@id":"https:\/\/mptpetitcharran.fr\/?p=6962#primaryimage"},"thumbnailUrl":"https:\/\/mptpetitcharran.fr\/wp-content\/uploads\/2026\/03\/Atelier-parents-enfants-724x1024.png","datePublished":"2026-03-10T14:49:19+00:00","dateModified":"2026-03-10T14:49:21+00:00","breadcrumb":{"@id":"https:\/\/mptpetitcharran.fr\/?p=6962#breadcrumb"},"inLanguage":"fr-FR","potentialAction":[{"@type":"ReadAction","target":["https:\/\/mptpetitcharran.fr\/?p=6962"]}]},{"@type":"ImageObject","inLanguage":"fr-FR","@id":"https:\/\/mptpetitcharran.fr\/?p=6962#primaryimage","url":"https:\/\/mptpetitcharran.fr\/wp-content\/uploads\/2026\/03\/Atelier-parents-enfants.png","contentUrl":"https:\/\/mptpetitcharran.fr\/wp-content\/uploads\/2026\/03\/Atelier-parents-enfants.png","width":1414,"height":2000},{"@type":"BreadcrumbList","@id":"https:\/\/mptpetitcharran.fr\/?p=6962#breadcrumb","itemListElement":[{"@type":"ListItem","position":1,"name":"Accueil","item":"https:\/\/mptpetitcharran.fr\/"},{"@type":"ListItem","position":2,"name":"Ateliers parents-enfants : vacances de printemps"}]},{"@type":"WebSite","@id":"https:\/\/mptpetitcharran.fr\/#website","url":"https:\/\/mptpetitcharran.fr\/","name":"Maison pour tous du Petit charran","description":"","publisher":{"@id":"https:\/\/mptpetitcharran.fr\/#organization"},"potentialAction":[{"@type":"SearchAction","target":{"@type":"EntryPoint","urlTemplate":"https:\/\/mptpetitcharran.fr\/?s={search_term_string}"},"query-input":{"@type":"PropertyValueSpecification","valueRequired":true,"valueName":"search_term_string"}}],"inLanguage":"fr-FR"},{"@type":"Organization","@id":"https:\/\/mptpetitcharran.fr\/#organization","name":"Maison pour tous du Petit charran","url":"https:\/\/mptpetitcharran.fr\/","logo":{"@type":"ImageObject","inLanguage":"fr-FR","@id":"https:\/\/mptpetitcharran.fr\/#\/schema\/logo\/image\/","url":"http:\/\/mptpetitcharran.fr\/wp-content\/uploads\/2023\/07\/cropped-logo_mptpc.jpg","contentUrl":"http:\/\/mptpetitcharran.fr\/wp-content\/uploads\/2023\/07\/cropped-logo_mptpc.jpg","width":532,"height":529,"caption":"Maison pour tous du Petit charran"},"image":{"@id":"https:\/\/mptpetitcharran.fr\/#\/schema\/logo\/image\/"},"sameAs":["https:\/\/www.facebook.com\/mptpetitcharran","https:\/\/www.instagram.com\/mptpetitcharran\/"]},{"@type":"Person","@id":"https:\/\/mptpetitcharran.fr\/#\/schema\/person\/9c65431267214d9391ade94ae4d49c52","name":"MPTPETITCHARRAN","image":{"@type":"ImageObject","inLanguage":"fr-FR","@id":"https:\/\/mptpetitcharran.fr\/#\/schema\/person\/image\/","url":"https:\/\/secure.gravatar.com\/avatar\/c577a9b79b93dc9adbe512b1cedf116eadc726863db46856eaf91d2fd1124aba?s=96&d=mm&r=g","contentUrl":"https:\/\/secure.gravatar.com\/avatar\/c577a9b79b93dc9adbe512b1cedf116eadc726863db46856eaf91d2fd1124aba?s=96&d=mm&r=g","caption":"MPTPETITCHARRAN"},"url":"https:\/\/mptpetitcharran.fr\/?author=1"}]}},"publishpress_future_action":{"enabled":false,"date":"2026-05-04 02:04:58","action":"change-status","newStatus":"draft","terms":[],"taxonomy":"category","extraData":[]},"publishpress_future_workflow_manual_trigger":{"enabledWorkflows":[]},"_links":{"self":[{"href":"https:\/\/mptpetitcharran.fr\/index.php?rest_route=\/wp\/v2\/posts\/6962","targetHints":{"allow":["GET"]}}],"collection":[{"href":"https:\/\/mptpetitcharran.fr\/index.php?rest_route=\/wp\/v2\/posts"}],"about":[{"href":"https:\/\/mptpetitcharran.fr\/index.php?rest_route=\/wp\/v2\/types\/post"}],"author":[{"embeddable":true,"href":"https:\/\/mptpetitcharran.fr\/index.php?rest_route=\/wp\/v2\/users\/1"}],"replies":[{"embeddable":true,"href":"https:\/\/mptpetitcharran.fr\/index.php?rest_route=%2Fwp%2Fv2%2Fcomments&post=6962"}],"version-history":[{"count":1,"href":"https:\/\/mptpetitcharran.fr\/index.php?rest_route=\/wp\/v2\/posts\/6962\/revisions"}],"predecessor-version":[{"id":6964,"href":"https:\/\/mptpetitcharran.fr\/index.php?rest_route=\/wp\/v2\/posts\/6962\/revisions\/6964"}],"wp:attachment":[{"href":"https:\/\/mptpetitcharran.fr\/index.php?rest_route=%2Fwp%2Fv2%2Fmedia&parent=6962"}],"wp:term":[{"taxonomy":"category","embeddable":true,"href":"https:\/\/mptpetitcharran.fr\/index.php?rest_route=%2Fwp%2Fv2%2Fcategories&post=6962"},{"taxonomy":"post_tag","embeddable":true,"href":"https:\/\/mptpetitcharran.fr\/index.php?rest_route=%2Fwp%2Fv2%2Ftags&post=6962"}],"curies":[{"name":"wp","href":"https:\/\/api.w.org\/{rel}","templated":true}]}}