{"id":3779,"date":"2022-07-15T09:43:38","date_gmt":"2022-07-15T08:43:38","guid":{"rendered":"https:\/\/mptpetitcharran.fr\/?p=3779"},"modified":"2022-07-15T09:47:09","modified_gmt":"2022-07-15T08:47:09","slug":"emission-de-radio","status":"publish","type":"post","link":"https:\/\/mptpetitcharran.fr\/?p=3779","title":{"rendered":"\u00c9mission de radio"},"content":{"rendered":"\n<div class=\"wp-block-media-text alignwide is-stacked-on-mobile\" style=\"grid-template-columns:56% auto\"><figure class=\"wp-block-media-text__media\"><img decoding=\"async\" src=\"https:\/\/mptpetitcharran.fr\/wp-content\/uploads\/2022\/07\/emission-radio.png\" alt=\"\" class=\"wp-image-3780 size-full\"\/><\/figure><div class=\"wp-block-media-text__content\">\n<p>Retour \u00ab\u00a0Le Grand Magazine G\u00e9n\u00e9ral\u00a0\u00bb de ce jeudi 6 juillet o\u00f9 nous avons caus\u00e9 cuisine et \u00e9ducation populaire Ma Petit Charran \u00e9tait en direct sur les ondes de RSFVoici le lien en podcast :<\/p>\n\n\n\n<p class=\"has-vivid-cyan-blue-color has-text-color\"><a href=\"https:\/\/www.radiosaintfe.com\/emissions\/details\/view\/jaime-le-gras-cuisine-et-education-populaire?fbclid=IwAR39ijrw3sAptao9M1qhm9oJxr6OiHL5j2nzdBVhkQeXwZOXsGPA4DeATCs\" rel=\"noreferrer noopener\" target=\"_blank\"><strong>https:\/\/www.radiosaintfe.com\/&#8230;\/jaime-le-gras-cuisine-et&#8230;<\/strong><\/a><\/p>\n\n\n\n<p>Merci \u00e0 Catherine d&rsquo;Asso thermos Fanny Asso du Beurre dans les Epinards Laurine agent de d\u00e9veloppement social et urbain de la commune de Loriol-sur-Dr\u00f4me et un grand merci \u00e0 Sarah Jacquet de RSF pour son accueil et son professionnalisme!<\/p>\n<\/div><\/div>\n\n\n\n<p><\/p>\n","protected":false},"excerpt":{"rendered":"<p>Retour \u00ab\u00a0Le Grand Magazine G\u00e9n\u00e9ral\u00a0\u00bb de ce jeudi 6 juillet o\u00f9 nous avons caus\u00e9 cuisine et \u00e9ducation populaire Ma Petit Charran \u00e9tait en direct sur les ondes de RSFVoici le &hellip; <a href=\"https:\/\/mptpetitcharran.fr\/?p=3779\" class=\"more-link\">Continue reading <span class=\"screen-reader-text\">\u00c9mission de radio<\/span> <span class=\"meta-nav\">&rarr;<\/span><\/a><\/p>\n","protected":false},"author":1,"featured_media":0,"comment_status":"closed","ping_status":"open","sticky":false,"template":"","format":"standard","meta":{"footnotes":""},"categories":[1],"tags":[],"class_list":["post-3779","post","type-post","status-publish","format-standard","hentry","category-uncategorized"],"yoast_head":"<!-- This site is optimized with the Yoast SEO plugin v27.0 - https:\/\/yoast.com\/product\/yoast-seo-wordpress\/ -->\n<title>\u00c9mission de radio - Maison pour tous du Petit charran<\/title>\n<meta name=\"robots\" content=\"index, follow, max-snippet:-1, max-image-preview:large, max-video-preview:-1\" \/>\n<link rel=\"canonical\" href=\"https:\/\/mptpetitcharran.fr\/?p=3779\" \/>\n<meta property=\"og:locale\" content=\"fr_FR\" \/>\n<meta property=\"og:type\" content=\"article\" \/>\n<meta property=\"og:title\" content=\"\u00c9mission de radio - Maison pour tous du Petit charran\" \/>\n<meta property=\"og:description\" content=\"Retour \u00ab\u00a0Le Grand Magazine G\u00e9n\u00e9ral\u00a0\u00bb de ce jeudi 6 juillet o\u00f9 nous avons caus\u00e9 cuisine et \u00e9ducation populaire Ma Petit Charran \u00e9tait en direct sur les ondes de RSFVoici le &hellip; Continue reading \u00c9mission de radio &rarr;\" \/>\n<meta property=\"og:url\" content=\"https:\/\/mptpetitcharran.fr\/?p=3779\" \/>\n<meta property=\"og:site_name\" content=\"Maison pour tous du Petit charran\" \/>\n<meta property=\"article:publisher\" content=\"https:\/\/www.facebook.com\/mptpetitcharran\" \/>\n<meta property=\"article:published_time\" content=\"2022-07-15T08:43:38+00:00\" \/>\n<meta property=\"article:modified_time\" content=\"2022-07-15T08:47:09+00:00\" \/>\n<meta property=\"og:image\" content=\"https:\/\/mptpetitcharran.fr\/wp-content\/uploads\/2022\/07\/emission-radio.png\" \/>\n<meta name=\"author\" content=\"MPTPETITCHARRAN\" \/>\n<meta name=\"twitter:card\" content=\"summary_large_image\" \/>\n<meta name=\"twitter:label1\" content=\"\u00c9crit par\" \/>\n\t<meta name=\"twitter:data1\" content=\"MPTPETITCHARRAN\" \/>\n\t<meta name=\"twitter:label2\" content=\"Dur\u00e9e de lecture estim\u00e9e\" \/>\n\t<meta name=\"twitter:data2\" content=\"1 minute\" \/>\n<script type=\"application\/ld+json\" class=\"yoast-schema-graph\">{\"@context\":\"https:\/\/schema.org\",\"@graph\":[{\"@type\":\"Article\",\"@id\":\"https:\/\/mptpetitcharran.fr\/?p=3779#article\",\"isPartOf\":{\"@id\":\"https:\/\/mptpetitcharran.fr\/?p=3779\"},\"author\":{\"name\":\"MPTPETITCHARRAN\",\"@id\":\"https:\/\/mptpetitcharran.fr\/#\/schema\/person\/9c65431267214d9391ade94ae4d49c52\"},\"headline\":\"\u00c9mission de radio\",\"datePublished\":\"2022-07-15T08:43:38+00:00\",\"dateModified\":\"2022-07-15T08:47:09+00:00\",\"mainEntityOfPage\":{\"@id\":\"https:\/\/mptpetitcharran.fr\/?p=3779\"},\"wordCount\":82,\"publisher\":{\"@id\":\"https:\/\/mptpetitcharran.fr\/#organization\"},\"image\":{\"@id\":\"https:\/\/mptpetitcharran.fr\/?p=3779#primaryimage\"},\"thumbnailUrl\":\"https:\/\/mptpetitcharran.fr\/wp-content\/uploads\/2022\/07\/emission-radio.png\",\"articleSection\":[\"Uncategorized\"],\"inLanguage\":\"fr-FR\"},{\"@type\":\"WebPage\",\"@id\":\"https:\/\/mptpetitcharran.fr\/?p=3779\",\"url\":\"https:\/\/mptpetitcharran.fr\/?p=3779\",\"name\":\"\u00c9mission de radio - Maison pour tous du Petit charran\",\"isPartOf\":{\"@id\":\"https:\/\/mptpetitcharran.fr\/#website\"},\"primaryImageOfPage\":{\"@id\":\"https:\/\/mptpetitcharran.fr\/?p=3779#primaryimage\"},\"image\":{\"@id\":\"https:\/\/mptpetitcharran.fr\/?p=3779#primaryimage\"},\"thumbnailUrl\":\"https:\/\/mptpetitcharran.fr\/wp-content\/uploads\/2022\/07\/emission-radio.png\",\"datePublished\":\"2022-07-15T08:43:38+00:00\",\"dateModified\":\"2022-07-15T08:47:09+00:00\",\"breadcrumb\":{\"@id\":\"https:\/\/mptpetitcharran.fr\/?p=3779#breadcrumb\"},\"inLanguage\":\"fr-FR\",\"potentialAction\":[{\"@type\":\"ReadAction\",\"target\":[\"https:\/\/mptpetitcharran.fr\/?p=3779\"]}]},{\"@type\":\"ImageObject\",\"inLanguage\":\"fr-FR\",\"@id\":\"https:\/\/mptpetitcharran.fr\/?p=3779#primaryimage\",\"url\":\"\",\"contentUrl\":\"\"},{\"@type\":\"BreadcrumbList\",\"@id\":\"https:\/\/mptpetitcharran.fr\/?p=3779#breadcrumb\",\"itemListElement\":[{\"@type\":\"ListItem\",\"position\":1,\"name\":\"Accueil\",\"item\":\"https:\/\/mptpetitcharran.fr\/\"},{\"@type\":\"ListItem\",\"position\":2,\"name\":\"\u00c9mission de radio\"}]},{\"@type\":\"WebSite\",\"@id\":\"https:\/\/mptpetitcharran.fr\/#website\",\"url\":\"https:\/\/mptpetitcharran.fr\/\",\"name\":\"Maison pour tous du Petit charran\",\"description\":\"\",\"publisher\":{\"@id\":\"https:\/\/mptpetitcharran.fr\/#organization\"},\"potentialAction\":[{\"@type\":\"SearchAction\",\"target\":{\"@type\":\"EntryPoint\",\"urlTemplate\":\"https:\/\/mptpetitcharran.fr\/?s={search_term_string}\"},\"query-input\":{\"@type\":\"PropertyValueSpecification\",\"valueRequired\":true,\"valueName\":\"search_term_string\"}}],\"inLanguage\":\"fr-FR\"},{\"@type\":\"Organization\",\"@id\":\"https:\/\/mptpetitcharran.fr\/#organization\",\"name\":\"Maison pour tous du Petit charran\",\"url\":\"https:\/\/mptpetitcharran.fr\/\",\"logo\":{\"@type\":\"ImageObject\",\"inLanguage\":\"fr-FR\",\"@id\":\"https:\/\/mptpetitcharran.fr\/#\/schema\/logo\/image\/\",\"url\":\"http:\/\/mptpetitcharran.fr\/wp-content\/uploads\/2023\/07\/cropped-logo_mptpc.jpg\",\"contentUrl\":\"http:\/\/mptpetitcharran.fr\/wp-content\/uploads\/2023\/07\/cropped-logo_mptpc.jpg\",\"width\":532,\"height\":529,\"caption\":\"Maison pour tous du Petit charran\"},\"image\":{\"@id\":\"https:\/\/mptpetitcharran.fr\/#\/schema\/logo\/image\/\"},\"sameAs\":[\"https:\/\/www.facebook.com\/mptpetitcharran\",\"https:\/\/www.instagram.com\/mptpetitcharran\/\"]},{\"@type\":\"Person\",\"@id\":\"https:\/\/mptpetitcharran.fr\/#\/schema\/person\/9c65431267214d9391ade94ae4d49c52\",\"name\":\"MPTPETITCHARRAN\",\"image\":{\"@type\":\"ImageObject\",\"inLanguage\":\"fr-FR\",\"@id\":\"https:\/\/mptpetitcharran.fr\/#\/schema\/person\/image\/\",\"url\":\"https:\/\/secure.gravatar.com\/avatar\/c577a9b79b93dc9adbe512b1cedf116eadc726863db46856eaf91d2fd1124aba?s=96&d=mm&r=g\",\"contentUrl\":\"https:\/\/secure.gravatar.com\/avatar\/c577a9b79b93dc9adbe512b1cedf116eadc726863db46856eaf91d2fd1124aba?s=96&d=mm&r=g\",\"caption\":\"MPTPETITCHARRAN\"},\"url\":\"https:\/\/mptpetitcharran.fr\/?author=1\"}]}<\/script>\n<!-- \/ Yoast SEO plugin. -->","yoast_head_json":{"title":"\u00c9mission de radio - Maison pour tous du Petit charran","robots":{"index":"index","follow":"follow","max-snippet":"max-snippet:-1","max-image-preview":"max-image-preview:large","max-video-preview":"max-video-preview:-1"},"canonical":"https:\/\/mptpetitcharran.fr\/?p=3779","og_locale":"fr_FR","og_type":"article","og_title":"\u00c9mission de radio - Maison pour tous du Petit charran","og_description":"Retour \u00ab\u00a0Le Grand Magazine G\u00e9n\u00e9ral\u00a0\u00bb de ce jeudi 6 juillet o\u00f9 nous avons caus\u00e9 cuisine et \u00e9ducation populaire Ma Petit Charran \u00e9tait en direct sur les ondes de RSFVoici le &hellip; Continue reading \u00c9mission de radio &rarr;","og_url":"https:\/\/mptpetitcharran.fr\/?p=3779","og_site_name":"Maison pour tous du Petit charran","article_publisher":"https:\/\/www.facebook.com\/mptpetitcharran","article_published_time":"2022-07-15T08:43:38+00:00","article_modified_time":"2022-07-15T08:47:09+00:00","og_image":[{"url":"https:\/\/mptpetitcharran.fr\/wp-content\/uploads\/2022\/07\/emission-radio.png","type":"","width":"","height":""}],"author":"MPTPETITCHARRAN","twitter_card":"summary_large_image","twitter_misc":{"\u00c9crit par":"MPTPETITCHARRAN","Dur\u00e9e de lecture estim\u00e9e":"1 minute"},"schema":{"@context":"https:\/\/schema.org","@graph":[{"@type":"Article","@id":"https:\/\/mptpetitcharran.fr\/?p=3779#article","isPartOf":{"@id":"https:\/\/mptpetitcharran.fr\/?p=3779"},"author":{"name":"MPTPETITCHARRAN","@id":"https:\/\/mptpetitcharran.fr\/#\/schema\/person\/9c65431267214d9391ade94ae4d49c52"},"headline":"\u00c9mission de radio","datePublished":"2022-07-15T08:43:38+00:00","dateModified":"2022-07-15T08:47:09+00:00","mainEntityOfPage":{"@id":"https:\/\/mptpetitcharran.fr\/?p=3779"},"wordCount":82,"publisher":{"@id":"https:\/\/mptpetitcharran.fr\/#organization"},"image":{"@id":"https:\/\/mptpetitcharran.fr\/?p=3779#primaryimage"},"thumbnailUrl":"https:\/\/mptpetitcharran.fr\/wp-content\/uploads\/2022\/07\/emission-radio.png","articleSection":["Uncategorized"],"inLanguage":"fr-FR"},{"@type":"WebPage","@id":"https:\/\/mptpetitcharran.fr\/?p=3779","url":"https:\/\/mptpetitcharran.fr\/?p=3779","name":"\u00c9mission de radio - Maison pour tous du Petit charran","isPartOf":{"@id":"https:\/\/mptpetitcharran.fr\/#website"},"primaryImageOfPage":{"@id":"https:\/\/mptpetitcharran.fr\/?p=3779#primaryimage"},"image":{"@id":"https:\/\/mptpetitcharran.fr\/?p=3779#primaryimage"},"thumbnailUrl":"https:\/\/mptpetitcharran.fr\/wp-content\/uploads\/2022\/07\/emission-radio.png","datePublished":"2022-07-15T08:43:38+00:00","dateModified":"2022-07-15T08:47:09+00:00","breadcrumb":{"@id":"https:\/\/mptpetitcharran.fr\/?p=3779#breadcrumb"},"inLanguage":"fr-FR","potentialAction":[{"@type":"ReadAction","target":["https:\/\/mptpetitcharran.fr\/?p=3779"]}]},{"@type":"ImageObject","inLanguage":"fr-FR","@id":"https:\/\/mptpetitcharran.fr\/?p=3779#primaryimage","url":"","contentUrl":""},{"@type":"BreadcrumbList","@id":"https:\/\/mptpetitcharran.fr\/?p=3779#breadcrumb","itemListElement":[{"@type":"ListItem","position":1,"name":"Accueil","item":"https:\/\/mptpetitcharran.fr\/"},{"@type":"ListItem","position":2,"name":"\u00c9mission de radio"}]},{"@type":"WebSite","@id":"https:\/\/mptpetitcharran.fr\/#website","url":"https:\/\/mptpetitcharran.fr\/","name":"Maison pour tous du Petit charran","description":"","publisher":{"@id":"https:\/\/mptpetitcharran.fr\/#organization"},"potentialAction":[{"@type":"SearchAction","target":{"@type":"EntryPoint","urlTemplate":"https:\/\/mptpetitcharran.fr\/?s={search_term_string}"},"query-input":{"@type":"PropertyValueSpecification","valueRequired":true,"valueName":"search_term_string"}}],"inLanguage":"fr-FR"},{"@type":"Organization","@id":"https:\/\/mptpetitcharran.fr\/#organization","name":"Maison pour tous du Petit charran","url":"https:\/\/mptpetitcharran.fr\/","logo":{"@type":"ImageObject","inLanguage":"fr-FR","@id":"https:\/\/mptpetitcharran.fr\/#\/schema\/logo\/image\/","url":"http:\/\/mptpetitcharran.fr\/wp-content\/uploads\/2023\/07\/cropped-logo_mptpc.jpg","contentUrl":"http:\/\/mptpetitcharran.fr\/wp-content\/uploads\/2023\/07\/cropped-logo_mptpc.jpg","width":532,"height":529,"caption":"Maison pour tous du Petit charran"},"image":{"@id":"https:\/\/mptpetitcharran.fr\/#\/schema\/logo\/image\/"},"sameAs":["https:\/\/www.facebook.com\/mptpetitcharran","https:\/\/www.instagram.com\/mptpetitcharran\/"]},{"@type":"Person","@id":"https:\/\/mptpetitcharran.fr\/#\/schema\/person\/9c65431267214d9391ade94ae4d49c52","name":"MPTPETITCHARRAN","image":{"@type":"ImageObject","inLanguage":"fr-FR","@id":"https:\/\/mptpetitcharran.fr\/#\/schema\/person\/image\/","url":"https:\/\/secure.gravatar.com\/avatar\/c577a9b79b93dc9adbe512b1cedf116eadc726863db46856eaf91d2fd1124aba?s=96&d=mm&r=g","contentUrl":"https:\/\/secure.gravatar.com\/avatar\/c577a9b79b93dc9adbe512b1cedf116eadc726863db46856eaf91d2fd1124aba?s=96&d=mm&r=g","caption":"MPTPETITCHARRAN"},"url":"https:\/\/mptpetitcharran.fr\/?author=1"}]}},"publishpress_future_action":{"enabled":false,"date":"2026-05-03 09:40:37","action":"change-status","newStatus":"draft","terms":[],"taxonomy":"category","extraData":[]},"publishpress_future_workflow_manual_trigger":{"enabledWorkflows":[]},"_links":{"self":[{"href":"https:\/\/mptpetitcharran.fr\/index.php?rest_route=\/wp\/v2\/posts\/3779","targetHints":{"allow":["GET"]}}],"collection":[{"href":"https:\/\/mptpetitcharran.fr\/index.php?rest_route=\/wp\/v2\/posts"}],"about":[{"href":"https:\/\/mptpetitcharran.fr\/index.php?rest_route=\/wp\/v2\/types\/post"}],"author":[{"embeddable":true,"href":"https:\/\/mptpetitcharran.fr\/index.php?rest_route=\/wp\/v2\/users\/1"}],"replies":[{"embeddable":true,"href":"https:\/\/mptpetitcharran.fr\/index.php?rest_route=%2Fwp%2Fv2%2Fcomments&post=3779"}],"version-history":[{"count":4,"href":"https:\/\/mptpetitcharran.fr\/index.php?rest_route=\/wp\/v2\/posts\/3779\/revisions"}],"predecessor-version":[{"id":3784,"href":"https:\/\/mptpetitcharran.fr\/index.php?rest_route=\/wp\/v2\/posts\/3779\/revisions\/3784"}],"wp:attachment":[{"href":"https:\/\/mptpetitcharran.fr\/index.php?rest_route=%2Fwp%2Fv2%2Fmedia&parent=3779"}],"wp:term":[{"taxonomy":"category","embeddable":true,"href":"https:\/\/mptpetitcharran.fr\/index.php?rest_route=%2Fwp%2Fv2%2Fcategories&post=3779"},{"taxonomy":"post_tag","embeddable":true,"href":"https:\/\/mptpetitcharran.fr\/index.php?rest_route=%2Fwp%2Fv2%2Ftags&post=3779"}],"curies":[{"name":"wp","href":"https:\/\/api.w.org\/{rel}","templated":true}]}}