{"id":3755,"date":"2022-07-13T08:42:07","date_gmt":"2022-07-13T07:42:07","guid":{"rendered":"http:\/\/mptpetitcharran.fr\/?p=3755"},"modified":"2023-06-30T13:48:17","modified_gmt":"2023-06-30T12:48:17","slug":"plaquette-des-activites-2022-2023","status":"publish","type":"post","link":"https:\/\/mptpetitcharran.fr\/?p=3755","title":{"rendered":"Plaquette des Activit\u00e9s 2022-2023"},"content":{"rendered":"\n<figure class=\"wp-block-image size-full is-style-default\"><a href=\"https:\/\/mptpetitcharran.fr\/wp-content\/uploads\/2022\/07\/MPTPC_brochure2022_23-1-1.pdf\" target=\"_blank\" rel=\"noopener\"><img decoding=\"async\" src=\"https:\/\/mptpetitcharran.fr\/wp-content\/uploads\/2022\/07\/Plaquette-couverture.png\" alt=\"\" class=\"wp-image-3758\"\/><\/a><\/figure>\n","protected":false},"excerpt":{"rendered":"","protected":false},"author":3,"featured_media":0,"comment_status":"closed","ping_status":"open","sticky":false,"template":"","format":"standard","meta":{"footnotes":""},"categories":[3],"tags":[],"class_list":["post-3755","post","type-post","status-publish","format-standard","hentry","category-actualites"],"yoast_head":"<!-- This site is optimized with the Yoast SEO plugin v27.0 - https:\/\/yoast.com\/product\/yoast-seo-wordpress\/ -->\n<title>Plaquette des Activit\u00e9s 2022-2023 - Maison pour tous du Petit charran<\/title>\n<meta name=\"robots\" content=\"index, follow, max-snippet:-1, max-image-preview:large, max-video-preview:-1\" \/>\n<link rel=\"canonical\" href=\"https:\/\/mptpetitcharran.fr\/?p=3755\" \/>\n<meta property=\"og:locale\" content=\"fr_FR\" \/>\n<meta property=\"og:type\" content=\"article\" \/>\n<meta property=\"og:title\" content=\"Plaquette des Activit\u00e9s 2022-2023 - Maison pour tous du Petit charran\" \/>\n<meta property=\"og:url\" content=\"https:\/\/mptpetitcharran.fr\/?p=3755\" \/>\n<meta property=\"og:site_name\" content=\"Maison pour tous du Petit charran\" \/>\n<meta property=\"article:publisher\" content=\"https:\/\/www.facebook.com\/mptpetitcharran\" \/>\n<meta property=\"article:published_time\" content=\"2022-07-13T07:42:07+00:00\" \/>\n<meta property=\"article:modified_time\" content=\"2023-06-30T12:48:17+00:00\" \/>\n<meta property=\"og:image\" content=\"http:\/\/mptpetitcharran.fr\/wp-content\/uploads\/2022\/07\/Plaquette-couverture.png\" \/>\n<meta name=\"author\" content=\"Eric Num\" \/>\n<meta name=\"twitter:card\" content=\"summary_large_image\" \/>\n<meta name=\"twitter:label1\" content=\"\u00c9crit par\" \/>\n\t<meta name=\"twitter:data1\" content=\"Eric Num\" \/>\n\t<meta name=\"twitter:label2\" content=\"Dur\u00e9e de lecture estim\u00e9e\" \/>\n\t<meta name=\"twitter:data2\" content=\"1 minute\" \/>\n<script type=\"application\/ld+json\" class=\"yoast-schema-graph\">{\"@context\":\"https:\/\/schema.org\",\"@graph\":[{\"@type\":\"Article\",\"@id\":\"https:\/\/mptpetitcharran.fr\/?p=3755#article\",\"isPartOf\":{\"@id\":\"https:\/\/mptpetitcharran.fr\/?p=3755\"},\"author\":{\"name\":\"Eric Num\",\"@id\":\"https:\/\/mptpetitcharran.fr\/#\/schema\/person\/89e88ffab14dfd4dd150b2606049b2a6\"},\"headline\":\"Plaquette des Activit\u00e9s 2022-2023\",\"datePublished\":\"2022-07-13T07:42:07+00:00\",\"dateModified\":\"2023-06-30T12:48:17+00:00\",\"mainEntityOfPage\":{\"@id\":\"https:\/\/mptpetitcharran.fr\/?p=3755\"},\"wordCount\":5,\"publisher\":{\"@id\":\"https:\/\/mptpetitcharran.fr\/#organization\"},\"image\":{\"@id\":\"https:\/\/mptpetitcharran.fr\/?p=3755#primaryimage\"},\"thumbnailUrl\":\"http:\/\/mptpetitcharran.fr\/wp-content\/uploads\/2022\/07\/Plaquette-couverture.png\",\"articleSection\":[\"Actualit\u00e9s\"],\"inLanguage\":\"fr-FR\"},{\"@type\":\"WebPage\",\"@id\":\"https:\/\/mptpetitcharran.fr\/?p=3755\",\"url\":\"https:\/\/mptpetitcharran.fr\/?p=3755\",\"name\":\"Plaquette des Activit\u00e9s 2022-2023 - Maison pour tous du Petit charran\",\"isPartOf\":{\"@id\":\"https:\/\/mptpetitcharran.fr\/#website\"},\"primaryImageOfPage\":{\"@id\":\"https:\/\/mptpetitcharran.fr\/?p=3755#primaryimage\"},\"image\":{\"@id\":\"https:\/\/mptpetitcharran.fr\/?p=3755#primaryimage\"},\"thumbnailUrl\":\"http:\/\/mptpetitcharran.fr\/wp-content\/uploads\/2022\/07\/Plaquette-couverture.png\",\"datePublished\":\"2022-07-13T07:42:07+00:00\",\"dateModified\":\"2023-06-30T12:48:17+00:00\",\"breadcrumb\":{\"@id\":\"https:\/\/mptpetitcharran.fr\/?p=3755#breadcrumb\"},\"inLanguage\":\"fr-FR\",\"potentialAction\":[{\"@type\":\"ReadAction\",\"target\":[\"https:\/\/mptpetitcharran.fr\/?p=3755\"]}]},{\"@type\":\"ImageObject\",\"inLanguage\":\"fr-FR\",\"@id\":\"https:\/\/mptpetitcharran.fr\/?p=3755#primaryimage\",\"url\":\"\",\"contentUrl\":\"\"},{\"@type\":\"BreadcrumbList\",\"@id\":\"https:\/\/mptpetitcharran.fr\/?p=3755#breadcrumb\",\"itemListElement\":[{\"@type\":\"ListItem\",\"position\":1,\"name\":\"Accueil\",\"item\":\"https:\/\/mptpetitcharran.fr\/\"},{\"@type\":\"ListItem\",\"position\":2,\"name\":\"Plaquette des Activit\u00e9s 2022-2023\"}]},{\"@type\":\"WebSite\",\"@id\":\"https:\/\/mptpetitcharran.fr\/#website\",\"url\":\"https:\/\/mptpetitcharran.fr\/\",\"name\":\"Maison pour tous du Petit charran\",\"description\":\"\",\"publisher\":{\"@id\":\"https:\/\/mptpetitcharran.fr\/#organization\"},\"potentialAction\":[{\"@type\":\"SearchAction\",\"target\":{\"@type\":\"EntryPoint\",\"urlTemplate\":\"https:\/\/mptpetitcharran.fr\/?s={search_term_string}\"},\"query-input\":{\"@type\":\"PropertyValueSpecification\",\"valueRequired\":true,\"valueName\":\"search_term_string\"}}],\"inLanguage\":\"fr-FR\"},{\"@type\":\"Organization\",\"@id\":\"https:\/\/mptpetitcharran.fr\/#organization\",\"name\":\"Maison pour tous du Petit charran\",\"url\":\"https:\/\/mptpetitcharran.fr\/\",\"logo\":{\"@type\":\"ImageObject\",\"inLanguage\":\"fr-FR\",\"@id\":\"https:\/\/mptpetitcharran.fr\/#\/schema\/logo\/image\/\",\"url\":\"http:\/\/mptpetitcharran.fr\/wp-content\/uploads\/2023\/07\/cropped-logo_mptpc.jpg\",\"contentUrl\":\"http:\/\/mptpetitcharran.fr\/wp-content\/uploads\/2023\/07\/cropped-logo_mptpc.jpg\",\"width\":532,\"height\":529,\"caption\":\"Maison pour tous du Petit charran\"},\"image\":{\"@id\":\"https:\/\/mptpetitcharran.fr\/#\/schema\/logo\/image\/\"},\"sameAs\":[\"https:\/\/www.facebook.com\/mptpetitcharran\",\"https:\/\/www.instagram.com\/mptpetitcharran\/\"]},{\"@type\":\"Person\",\"@id\":\"https:\/\/mptpetitcharran.fr\/#\/schema\/person\/89e88ffab14dfd4dd150b2606049b2a6\",\"name\":\"Eric Num\",\"image\":{\"@type\":\"ImageObject\",\"inLanguage\":\"fr-FR\",\"@id\":\"https:\/\/mptpetitcharran.fr\/#\/schema\/person\/image\/\",\"url\":\"https:\/\/secure.gravatar.com\/avatar\/e774614eba035d6d560ce556975ed0036bbd05e87c817ac6f33dd11fec4abf97?s=96&d=mm&r=g\",\"contentUrl\":\"https:\/\/secure.gravatar.com\/avatar\/e774614eba035d6d560ce556975ed0036bbd05e87c817ac6f33dd11fec4abf97?s=96&d=mm&r=g\",\"caption\":\"Eric Num\"},\"url\":\"https:\/\/mptpetitcharran.fr\/?author=3\"}]}<\/script>\n<!-- \/ Yoast SEO plugin. -->","yoast_head_json":{"title":"Plaquette des Activit\u00e9s 2022-2023 - Maison pour tous du Petit charran","robots":{"index":"index","follow":"follow","max-snippet":"max-snippet:-1","max-image-preview":"max-image-preview:large","max-video-preview":"max-video-preview:-1"},"canonical":"https:\/\/mptpetitcharran.fr\/?p=3755","og_locale":"fr_FR","og_type":"article","og_title":"Plaquette des Activit\u00e9s 2022-2023 - Maison pour tous du Petit charran","og_url":"https:\/\/mptpetitcharran.fr\/?p=3755","og_site_name":"Maison pour tous du Petit charran","article_publisher":"https:\/\/www.facebook.com\/mptpetitcharran","article_published_time":"2022-07-13T07:42:07+00:00","article_modified_time":"2023-06-30T12:48:17+00:00","og_image":[{"url":"http:\/\/mptpetitcharran.fr\/wp-content\/uploads\/2022\/07\/Plaquette-couverture.png","type":"","width":"","height":""}],"author":"Eric Num","twitter_card":"summary_large_image","twitter_misc":{"\u00c9crit par":"Eric Num","Dur\u00e9e de lecture estim\u00e9e":"1 minute"},"schema":{"@context":"https:\/\/schema.org","@graph":[{"@type":"Article","@id":"https:\/\/mptpetitcharran.fr\/?p=3755#article","isPartOf":{"@id":"https:\/\/mptpetitcharran.fr\/?p=3755"},"author":{"name":"Eric Num","@id":"https:\/\/mptpetitcharran.fr\/#\/schema\/person\/89e88ffab14dfd4dd150b2606049b2a6"},"headline":"Plaquette des Activit\u00e9s 2022-2023","datePublished":"2022-07-13T07:42:07+00:00","dateModified":"2023-06-30T12:48:17+00:00","mainEntityOfPage":{"@id":"https:\/\/mptpetitcharran.fr\/?p=3755"},"wordCount":5,"publisher":{"@id":"https:\/\/mptpetitcharran.fr\/#organization"},"image":{"@id":"https:\/\/mptpetitcharran.fr\/?p=3755#primaryimage"},"thumbnailUrl":"http:\/\/mptpetitcharran.fr\/wp-content\/uploads\/2022\/07\/Plaquette-couverture.png","articleSection":["Actualit\u00e9s"],"inLanguage":"fr-FR"},{"@type":"WebPage","@id":"https:\/\/mptpetitcharran.fr\/?p=3755","url":"https:\/\/mptpetitcharran.fr\/?p=3755","name":"Plaquette des Activit\u00e9s 2022-2023 - Maison pour tous du Petit charran","isPartOf":{"@id":"https:\/\/mptpetitcharran.fr\/#website"},"primaryImageOfPage":{"@id":"https:\/\/mptpetitcharran.fr\/?p=3755#primaryimage"},"image":{"@id":"https:\/\/mptpetitcharran.fr\/?p=3755#primaryimage"},"thumbnailUrl":"http:\/\/mptpetitcharran.fr\/wp-content\/uploads\/2022\/07\/Plaquette-couverture.png","datePublished":"2022-07-13T07:42:07+00:00","dateModified":"2023-06-30T12:48:17+00:00","breadcrumb":{"@id":"https:\/\/mptpetitcharran.fr\/?p=3755#breadcrumb"},"inLanguage":"fr-FR","potentialAction":[{"@type":"ReadAction","target":["https:\/\/mptpetitcharran.fr\/?p=3755"]}]},{"@type":"ImageObject","inLanguage":"fr-FR","@id":"https:\/\/mptpetitcharran.fr\/?p=3755#primaryimage","url":"","contentUrl":""},{"@type":"BreadcrumbList","@id":"https:\/\/mptpetitcharran.fr\/?p=3755#breadcrumb","itemListElement":[{"@type":"ListItem","position":1,"name":"Accueil","item":"https:\/\/mptpetitcharran.fr\/"},{"@type":"ListItem","position":2,"name":"Plaquette des Activit\u00e9s 2022-2023"}]},{"@type":"WebSite","@id":"https:\/\/mptpetitcharran.fr\/#website","url":"https:\/\/mptpetitcharran.fr\/","name":"Maison pour tous du Petit charran","description":"","publisher":{"@id":"https:\/\/mptpetitcharran.fr\/#organization"},"potentialAction":[{"@type":"SearchAction","target":{"@type":"EntryPoint","urlTemplate":"https:\/\/mptpetitcharran.fr\/?s={search_term_string}"},"query-input":{"@type":"PropertyValueSpecification","valueRequired":true,"valueName":"search_term_string"}}],"inLanguage":"fr-FR"},{"@type":"Organization","@id":"https:\/\/mptpetitcharran.fr\/#organization","name":"Maison pour tous du Petit charran","url":"https:\/\/mptpetitcharran.fr\/","logo":{"@type":"ImageObject","inLanguage":"fr-FR","@id":"https:\/\/mptpetitcharran.fr\/#\/schema\/logo\/image\/","url":"http:\/\/mptpetitcharran.fr\/wp-content\/uploads\/2023\/07\/cropped-logo_mptpc.jpg","contentUrl":"http:\/\/mptpetitcharran.fr\/wp-content\/uploads\/2023\/07\/cropped-logo_mptpc.jpg","width":532,"height":529,"caption":"Maison pour tous du Petit charran"},"image":{"@id":"https:\/\/mptpetitcharran.fr\/#\/schema\/logo\/image\/"},"sameAs":["https:\/\/www.facebook.com\/mptpetitcharran","https:\/\/www.instagram.com\/mptpetitcharran\/"]},{"@type":"Person","@id":"https:\/\/mptpetitcharran.fr\/#\/schema\/person\/89e88ffab14dfd4dd150b2606049b2a6","name":"Eric Num","image":{"@type":"ImageObject","inLanguage":"fr-FR","@id":"https:\/\/mptpetitcharran.fr\/#\/schema\/person\/image\/","url":"https:\/\/secure.gravatar.com\/avatar\/e774614eba035d6d560ce556975ed0036bbd05e87c817ac6f33dd11fec4abf97?s=96&d=mm&r=g","contentUrl":"https:\/\/secure.gravatar.com\/avatar\/e774614eba035d6d560ce556975ed0036bbd05e87c817ac6f33dd11fec4abf97?s=96&d=mm&r=g","caption":"Eric Num"},"url":"https:\/\/mptpetitcharran.fr\/?author=3"}]}},"publishpress_future_action":{"enabled":false,"date":"2026-05-03 09:43:33","action":"change-status","newStatus":"draft","terms":[],"taxonomy":"category","extraData":[]},"publishpress_future_workflow_manual_trigger":{"enabledWorkflows":[]},"_links":{"self":[{"href":"https:\/\/mptpetitcharran.fr\/index.php?rest_route=\/wp\/v2\/posts\/3755","targetHints":{"allow":["GET"]}}],"collection":[{"href":"https:\/\/mptpetitcharran.fr\/index.php?rest_route=\/wp\/v2\/posts"}],"about":[{"href":"https:\/\/mptpetitcharran.fr\/index.php?rest_route=\/wp\/v2\/types\/post"}],"author":[{"embeddable":true,"href":"https:\/\/mptpetitcharran.fr\/index.php?rest_route=\/wp\/v2\/users\/3"}],"replies":[{"embeddable":true,"href":"https:\/\/mptpetitcharran.fr\/index.php?rest_route=%2Fwp%2Fv2%2Fcomments&post=3755"}],"version-history":[{"count":2,"href":"https:\/\/mptpetitcharran.fr\/index.php?rest_route=\/wp\/v2\/posts\/3755\/revisions"}],"predecessor-version":[{"id":3760,"href":"https:\/\/mptpetitcharran.fr\/index.php?rest_route=\/wp\/v2\/posts\/3755\/revisions\/3760"}],"wp:attachment":[{"href":"https:\/\/mptpetitcharran.fr\/index.php?rest_route=%2Fwp%2Fv2%2Fmedia&parent=3755"}],"wp:term":[{"taxonomy":"category","embeddable":true,"href":"https:\/\/mptpetitcharran.fr\/index.php?rest_route=%2Fwp%2Fv2%2Fcategories&post=3755"},{"taxonomy":"post_tag","embeddable":true,"href":"https:\/\/mptpetitcharran.fr\/index.php?rest_route=%2Fwp%2Fv2%2Ftags&post=3755"}],"curies":[{"name":"wp","href":"https:\/\/api.w.org\/{rel}","templated":true}]}}