{"id":7008,"global_id":"mptpetitcharran.fr?id=7008","global_id_lineage":["mptpetitcharran.fr?id=7008"],"author":"1","status":"publish","date":"2026-04-30 15:53:26","date_utc":"2026-04-30 14:53:26","modified":"2026-04-30 15:53:26","modified_utc":"2026-04-30 14:53:26","url":"https:\/\/mptpetitcharran.fr\/?tribe_events=etre-parent-aujourdhui-rencontre-parents-enfants-a-valence","rest_url":"https:\/\/mptpetitcharran.fr\/index.php?rest_route=\/tribe\/events\/v1\/events\/7008","title":"\u00catre parent aujourd\u2019hui \u2013 rencontre parents enfants \u00e0 Valence","description":"<p data-start=\"259\" data-end=\"353\">Des questions sur la parentalit\u00e9 ?<br data-start=\"293\" data-end=\"296\" \/>Besoin d\u2019\u00e9changer, de partager, de souffler un peu ? \ud83d\udcac<\/p>\n<p data-start=\"355\" data-end=\"495\">Dans le cadre de la <strong data-start=\"375\" data-end=\"399\">Semaine des Familles<\/strong>, la MPT du Petit Charran vous invite \u00e0 un temps convivial d\u00e9di\u00e9 aux parents et aux enfants \ud83d\udc9b<\/p>\n<p data-start=\"497\" data-end=\"651\">\u2728 Au programme :<br data-start=\"513\" data-end=\"516\" \/>\ud83d\udc76 Ateliers d\u2019\u00e9veil pour les tout-petits<br data-start=\"556\" data-end=\"559\" \/>\ud83e\udd1d \u00c9changes avec des professionnelles de la famille<br data-start=\"610\" data-end=\"613\" \/>\u2615 Moment chaleureux et sans jugement<\/p>\n<p data-start=\"653\" data-end=\"724\">\ud83d\udcc5 Mercredi 20 mai<br data-start=\"671\" data-end=\"674\" \/>\ud83d\udd51 14h \u2013 17h<br data-start=\"686\" data-end=\"689\" \/>\ud83d\udccd MPT du Petit Charran \u2013 Valence<\/p>\n<p data-start=\"726\" data-end=\"762\">\ud83c\udf88 Portes ouvertes parents\/enfants<\/p>\n<p data-start=\"764\" data-end=\"842\">\ud83d\udc76 15h \u2013 16h : \u00e9veil (0-2 ans)<br data-start=\"794\" data-end=\"797\" \/>\ud83d\udc76 15h45 \u2013 16h45 : \u00e9veil corporel (2-3 ans)<\/p>\n<p data-start=\"844\" data-end=\"931\">\u2728 Un moment pour se rencontrer, \u00e9changer et se sentir soutenu dans son r\u00f4le de parent<\/p>","excerpt":"<p>Participez \u00e0 un temps d\u2019\u00e9change sur la parentalit\u00e9 \u00e0 Valence : ateliers enfants, discussions entre parents et professionnels dans un cadre convivial.<\/p>","slug":"etre-parent-aujourdhui-rencontre-parents-enfants-a-valence","image":{"url":"https:\/\/mptpetitcharran.fr\/wp-content\/uploads\/2026\/04\/Semaine-des-familles.png","id":7009,"extension":"png","width":1414,"height":2000,"filesize":503782,"sizes":{"medium":{"width":212,"height":300,"mime-type":"image\/png","filesize":61481,"url":"https:\/\/mptpetitcharran.fr\/wp-content\/uploads\/2026\/04\/Semaine-des-familles-212x300.png"},"large":{"width":724,"height":1024,"mime-type":"image\/png","filesize":620092,"url":"https:\/\/mptpetitcharran.fr\/wp-content\/uploads\/2026\/04\/Semaine-des-familles-724x1024.png"},"thumbnail":{"width":150,"height":150,"mime-type":"image\/png","filesize":30229,"url":"https:\/\/mptpetitcharran.fr\/wp-content\/uploads\/2026\/04\/Semaine-des-familles-150x150.png"},"medium_large":{"width":768,"height":1086,"mime-type":"image\/png","filesize":752279,"url":"https:\/\/mptpetitcharran.fr\/wp-content\/uploads\/2026\/04\/Semaine-des-familles-768x1086.png"},"1536x1536":{"width":1086,"height":1536,"mime-type":"image\/png","filesize":1466116,"url":"https:\/\/mptpetitcharran.fr\/wp-content\/uploads\/2026\/04\/Semaine-des-familles-1086x1536.png"},"lodestar-featured-image":{"width":1414,"height":1200,"mime-type":"image\/png","filesize":409486,"url":"https:\/\/mptpetitcharran.fr\/wp-content\/uploads\/2026\/04\/Semaine-des-familles-1414x1200.png"},"lodestar-featured-archive-image":{"width":700,"height":990,"mime-type":"image\/png","filesize":481252,"url":"https:\/\/mptpetitcharran.fr\/wp-content\/uploads\/2026\/04\/Semaine-des-familles-700x990.png"},"lodestar-portfolio-archive-image":{"width":900,"height":600,"mime-type":"image\/png","filesize":541108,"url":"https:\/\/mptpetitcharran.fr\/wp-content\/uploads\/2026\/04\/Semaine-des-familles-900x600.png"},"lodestar-thumbnail-avatar":{"width":100,"height":100,"mime-type":"image\/png","filesize":15083,"url":"https:\/\/mptpetitcharran.fr\/wp-content\/uploads\/2026\/04\/Semaine-des-familles-100x100.png"},"lodestar-logo":{"width":283,"height":400,"mime-type":"image\/png","filesize":74370,"url":"https:\/\/mptpetitcharran.fr\/wp-content\/uploads\/2026\/04\/Semaine-des-familles-283x400.png"}}},"all_day":false,"start_date":"2026-05-20 14:00:00","start_date_details":{"year":"2026","month":"05","day":"20","hour":"14","minutes":"00","seconds":"00"},"end_date":"2026-05-20 17:00:00","end_date_details":{"year":"2026","month":"05","day":"20","hour":"17","minutes":"00","seconds":"00"},"utc_start_date":"2026-05-20 12:00:00","utc_start_date_details":{"year":"2026","month":"05","day":"20","hour":"12","minutes":"00","seconds":"00"},"utc_end_date":"2026-05-20 15:00:00","utc_end_date_details":{"year":"2026","month":"05","day":"20","hour":"15","minutes":"00","seconds":"00"},"timezone":"UTC+1","timezone_abbr":"UTC+1","cost":"","cost_details":{"currency_symbol":"\u20ac","currency_code":"EUR","currency_position":"prefix","values":[]},"website":"","show_map":true,"show_map_link":true,"hide_from_listings":false,"sticky":false,"featured":false,"categories":[{"name":"famille","slug":"famille","term_group":0,"term_taxonomy_id":40,"taxonomy":"tribe_events_cat","description":"","parent":0,"count":5,"filter":"raw","id":40,"urls":{"self":"https:\/\/mptpetitcharran.fr\/index.php?rest_route=\/tribe\/events\/v1\/categories\/40","collection":"https:\/\/mptpetitcharran.fr\/index.php?rest_route=\/tribe\/events\/v1\/categories"}}],"tags":[],"venue":{"id":5841,"author":"1","status":"publish","date":"2024-09-13 13:10:35","date_utc":"2024-09-13 12:10:35","modified":"2024-09-13 13:10:35","modified_utc":"2024-09-13 12:10:35","url":"https:\/\/mptpetitcharran.fr\/?tribe_venue=maison-pour-tous-du-petit-charran","venue":"Maison pour tous du Petit Charran","slug":"maison-pour-tous-du-petit-charran","address":"30 Rue Henri Dunant","city":"Valence","country":"France","zip":"26000","phone":"04 75 43 48 52","website":"http:\/\/mptpetitcharran.fr\/","json_ld":{"@type":"Place","name":"Maison pour tous du Petit Charran","description":"","url":"","address":{"@type":"PostalAddress","streetAddress":"30 Rue Henri Dunant","addressLocality":"Valence","postalCode":"26000","addressCountry":"France"},"telephone":"04 75 43 48 52","sameAs":"http:\/\/mptpetitcharran.fr\/"},"show_map":false,"show_map_link":false,"global_id":"mptpetitcharran.fr?id=5841","global_id_lineage":["mptpetitcharran.fr?id=5841"]},"organizer":[{"id":5842,"author":"1","status":"publish","date":"2024-09-13 13:10:36","date_utc":"2024-09-13 12:10:36","modified":"2024-09-13 13:10:36","modified_utc":"2024-09-13 12:10:36","url":"https:\/\/mptpetitcharran.fr\/?tribe_organizer=maison-pour-tous-du-petit-charran","organizer":"Maison pour tous du Petit Charran","slug":"maison-pour-tous-du-petit-charran","website":"http:\/\/mptpetitcharran.fr\/","email":"contact@mptpetitcharran.org","json_ld":{"@type":"Person","name":"Maison pour tous du Petit Charran","description":"","url":"http:\/\/mptpetitcharran.fr\/","telephone":"","email":"co&#110;&#116;&#97;ct&#64;m&#112;&#116;&#112;etit&#99;&#104;a&#114;r&#97;n.&#111;&#114;g","sameAs":"http:\/\/mptpetitcharran.fr\/"},"global_id":"mptpetitcharran.fr?id=5842","global_id_lineage":["mptpetitcharran.fr?id=5842"]}],"custom_fields":[],"json_ld":{"@context":"http:\/\/schema.org","@type":"Event","name":"\u00catre parent aujourd\u2019hui \u2013 rencontre parents enfants \u00e0 Valence","description":"&lt;p&gt;Participez \u00e0 un temps d\u2019\u00e9change sur la parentalit\u00e9 \u00e0 Valence : ateliers enfants, discussions entre parents et professionnels dans un cadre convivial.&lt;\/p&gt;\\n","image":"https:\/\/mptpetitcharran.fr\/wp-content\/uploads\/2026\/04\/Semaine-des-familles.png","url":"https:\/\/mptpetitcharran.fr\/?tribe_events=etre-parent-aujourdhui-rencontre-parents-enfants-a-valence","eventAttendanceMode":"https:\/\/schema.org\/OfflineEventAttendanceMode","eventStatus":"https:\/\/schema.org\/EventScheduled","startDate":"2026-05-20T14:00:00+01:00","endDate":"2026-05-20T17:00:00+01:00","location":{"@type":"Place","name":"Maison pour tous du Petit Charran","description":"","url":"","address":{"@type":"PostalAddress","streetAddress":"30 Rue Henri Dunant","addressLocality":"Valence","postalCode":"26000","addressCountry":"France"},"telephone":"04 75 43 48 52","sameAs":"http:\/\/mptpetitcharran.fr\/"},"organizer":{"@type":"Person","name":"Maison pour tous du Petit Charran","description":"","url":"http:\/\/mptpetitcharran.fr\/","telephone":"","email":"&#99;&#111;n&#116;&#97;&#99;t&#64;mpt&#112;&#101;&#116;&#105;t&#99;&#104;&#97;rr&#97;n.&#111;&#114;g","sameAs":"http:\/\/mptpetitcharran.fr\/"},"performer":"Organization"}}