{"id":6990,"global_id":"mptpetitcharran.fr?id=6990","global_id_lineage":["mptpetitcharran.fr?id=6990"],"author":"1","status":"publish","date":"2026-04-30 09:05:07","date_utc":"2026-04-30 08:05:07","modified":"2026-04-30 09:05:07","modified_utc":"2026-04-30 08:05:07","url":"https:\/\/mptpetitcharran.fr\/?tribe_events=sortie-cevennes-depuis-valence-1er-juin","rest_url":"https:\/\/mptpetitcharran.fr\/index.php?rest_route=\/tribe\/events\/v1\/events\/6990","title":"Sortie C\u00e9vennes depuis Valence 1er juin","description":"<p data-start=\"2824\" data-end=\"2862\">\ud83c\udf3f Une journ\u00e9e d\u2019\u00e9vasion vous attend !Partez \u00e0 la d\u00e9couverte des C\u00e9vennes :<\/p>\n<p data-start=\"2905\" data-end=\"2967\">\ud83c\udf31 Bambouseraie<br data-start=\"2920\" data-end=\"2923\" \/>\ud83c\udf7d\ufe0f D\u00e9jeuner terroir<br data-start=\"2943\" data-end=\"2946\" \/>\ud83c\udfdb\ufe0f Mus\u00e9e du D\u00e9sert\ud83d\udcb0 Selon le quotient familial : 40\u20ac \u00e0 65\u20ac<\/p>\n<p data-start=\"3016\" data-end=\"3049\">\u26a0\ufe0f Inscriptions avant le 13 mai<span data-surface-wrapper=\"1\" data-surface=\"\/bizweb:content_calendar\/bizweb:CONTENT_CALENDAR\/lib:bizweb_planner\/lib:bizweb_planner:calendar_card\"><span class=\"x193iq5w xeuugli x13faqbe x1vvkbs x1xmvt09 x1lliihq x1s928wv xhkezso x1gmr53x x1cpjm7i x1fgarty x1943h6x xudqn12 x3x7a5m x6prxxf xvq8zen xo1l8bm xzsf02u x1yc453h\" dir=\"auto\">, attention secr\u00e9tariat ferm\u00e9 du 1er au 11 mai.<\/span><\/span><\/p>\n<p data-start=\"3051\" data-end=\"3091\">\u2728 Une escapade nature \u00e0 ne pas manquer<\/p>","excerpt":"<p>Journ\u00e9e d\u00e9couverte des C\u00e9vennes : Bambouseraie, ferme et mus\u00e9e. D\u00e9part depuis Valence. R\u00e9servez vite.<\/p>","slug":"sortie-cevennes-depuis-valence-1er-juin","image":{"url":"https:\/\/mptpetitcharran.fr\/wp-content\/uploads\/2026\/04\/Sortie-voyage-.png","id":6991,"extension":"png","width":1414,"height":2000,"filesize":2129162,"sizes":{"medium":{"width":212,"height":300,"mime-type":"image\/png","filesize":90655,"url":"https:\/\/mptpetitcharran.fr\/wp-content\/uploads\/2026\/04\/Sortie-voyage--212x300.png"},"large":{"width":724,"height":1024,"mime-type":"image\/png","filesize":850595,"url":"https:\/\/mptpetitcharran.fr\/wp-content\/uploads\/2026\/04\/Sortie-voyage--724x1024.png"},"thumbnail":{"width":150,"height":150,"mime-type":"image\/png","filesize":35802,"url":"https:\/\/mptpetitcharran.fr\/wp-content\/uploads\/2026\/04\/Sortie-voyage--150x150.png"},"medium_large":{"width":768,"height":1086,"mime-type":"image\/png","filesize":988257,"url":"https:\/\/mptpetitcharran.fr\/wp-content\/uploads\/2026\/04\/Sortie-voyage--768x1086.png"},"1536x1536":{"width":1086,"height":1536,"mime-type":"image\/png","filesize":1866792,"url":"https:\/\/mptpetitcharran.fr\/wp-content\/uploads\/2026\/04\/Sortie-voyage--1086x1536.png"},"lodestar-featured-image":{"width":1414,"height":1200,"mime-type":"image\/png","filesize":993727,"url":"https:\/\/mptpetitcharran.fr\/wp-content\/uploads\/2026\/04\/Sortie-voyage--1414x1200.png"},"lodestar-featured-archive-image":{"width":700,"height":990,"mime-type":"image\/png","filesize":778985,"url":"https:\/\/mptpetitcharran.fr\/wp-content\/uploads\/2026\/04\/Sortie-voyage--700x990.png"},"lodestar-portfolio-archive-image":{"width":900,"height":600,"mime-type":"image\/png","filesize":614296,"url":"https:\/\/mptpetitcharran.fr\/wp-content\/uploads\/2026\/04\/Sortie-voyage--900x600.png"},"lodestar-thumbnail-avatar":{"width":100,"height":100,"mime-type":"image\/png","filesize":17430,"url":"https:\/\/mptpetitcharran.fr\/wp-content\/uploads\/2026\/04\/Sortie-voyage--100x100.png"},"lodestar-logo":{"width":283,"height":400,"mime-type":"image\/png","filesize":143262,"url":"https:\/\/mptpetitcharran.fr\/wp-content\/uploads\/2026\/04\/Sortie-voyage--283x400.png"}}},"all_day":false,"start_date":"2026-06-01 07:30:00","start_date_details":{"year":"2026","month":"06","day":"01","hour":"07","minutes":"30","seconds":"00"},"end_date":"2026-06-01 17:00:00","end_date_details":{"year":"2026","month":"06","day":"01","hour":"17","minutes":"00","seconds":"00"},"utc_start_date":"2026-06-01 05:30:00","utc_start_date_details":{"year":"2026","month":"06","day":"01","hour":"05","minutes":"30","seconds":"00"},"utc_end_date":"2026-06-01 15:00:00","utc_end_date_details":{"year":"2026","month":"06","day":"01","hour":"15","minutes":"00","seconds":"00"},"timezone":"UTC+1","timezone_abbr":"UTC+1","cost":"","cost_details":{"currency_symbol":"\u20ac","currency_code":"EUR","currency_position":"prefix","values":[]},"website":"","show_map":true,"show_map_link":true,"hide_from_listings":false,"sticky":false,"featured":false,"categories":[],"tags":[{"name":"Sortie voyage","slug":"sortie-voyage","term_group":0,"term_taxonomy_id":41,"taxonomy":"post_tag","description":"","parent":0,"count":1,"filter":"raw","id":41,"urls":{"self":"https:\/\/mptpetitcharran.fr\/index.php?rest_route=\/tribe\/events\/v1\/tags\/41","collection":"https:\/\/mptpetitcharran.fr\/index.php?rest_route=\/tribe\/events\/v1\/tags"}}],"venue":[],"organizer":[{"id":5842,"author":"1","status":"publish","date":"2024-09-13 13:10:36","date_utc":"2024-09-13 12:10:36","modified":"2024-09-13 13:10:36","modified_utc":"2024-09-13 12:10:36","url":"https:\/\/mptpetitcharran.fr\/?tribe_organizer=maison-pour-tous-du-petit-charran","organizer":"Maison pour tous du Petit Charran","slug":"maison-pour-tous-du-petit-charran","website":"http:\/\/mptpetitcharran.fr\/","email":"contact@mptpetitcharran.org","json_ld":{"@type":"Person","name":"Maison pour tous du Petit Charran","description":"","url":"http:\/\/mptpetitcharran.fr\/","telephone":"","email":"&#99;&#111;n&#116;a&#99;&#116;&#64;m&#112;tp&#101;ti&#116;c&#104;&#97;&#114;&#114;a&#110;&#46;&#111;r&#103;","sameAs":"http:\/\/mptpetitcharran.fr\/"},"global_id":"mptpetitcharran.fr?id=5842","global_id_lineage":["mptpetitcharran.fr?id=5842"]}],"custom_fields":[],"json_ld":{"@context":"http:\/\/schema.org","@type":"Event","name":"Sortie C\u00e9vennes depuis Valence 1er juin","description":"&lt;p&gt;Journ\u00e9e d\u00e9couverte des C\u00e9vennes : Bambouseraie, ferme et mus\u00e9e. D\u00e9part depuis Valence. R\u00e9servez vite.&lt;\/p&gt;\\n","image":"https:\/\/mptpetitcharran.fr\/wp-content\/uploads\/2026\/04\/Sortie-voyage-.png","url":"https:\/\/mptpetitcharran.fr\/?tribe_events=sortie-cevennes-depuis-valence-1er-juin","eventAttendanceMode":"https:\/\/schema.org\/OfflineEventAttendanceMode","eventStatus":"https:\/\/schema.org\/EventScheduled","startDate":"2026-06-01T07:30:00+01:00","endDate":"2026-06-01T17:00:00+01:00","organizer":{"@type":"Person","name":"Maison pour tous du Petit Charran","description":"","url":"http:\/\/mptpetitcharran.fr\/","telephone":"","email":"con&#116;a&#99;t&#64;&#109;&#112;&#116;&#112;&#101;titc&#104;&#97;&#114;&#114;&#97;n&#46;o&#114;g","sameAs":"http:\/\/mptpetitcharran.fr\/"},"performer":"Organization"}}