{"id":6986,"global_id":"mptpetitcharran.fr?id=6986","global_id_lineage":["mptpetitcharran.fr?id=6986"],"author":"1","status":"publish","date":"2026-04-30 08:57:04","date_utc":"2026-04-30 07:57:04","modified":"2026-04-30 08:57:40","modified_utc":"2026-04-30 07:57:40","url":"https:\/\/mptpetitcharran.fr\/?tribe_events=le-rendez-vous-des-benevoles-4","rest_url":"https:\/\/mptpetitcharran.fr\/index.php?rest_route=\/tribe\/events\/v1\/events\/6986","title":"Le rendez-vous des b\u00e9n\u00e9voles","description":"<div class=\"xdj266r x14z9mp xat24cr x1lziwak x1vvkbs x126k92a\">\n<div dir=\"auto\"><span class=\"html-span xexx8yu xyri2b x18d9i69 x1c1uobl x1hl2dhg x16tdsg8 x1vvkbs x3nfvp2 x1j61x8r x1fcty0u xdj266r xat24cr xm2jcoa x1mpyi22 xxymvpz xlup9mm x1kky2od\"><img loading=\"lazy\" decoding=\"async\" class=\"xz74otr x15mokao x1ga7v0g x16uus16 xbiv7yw\" src=\"https:\/\/static.xx.fbcdn.net\/images\/emoji.php\/v9\/t64\/1\/16\/1f91d.png\" alt=\"\ud83e\udd1d\" width=\"16\" height=\"16\" \/><\/span> Et si vous participiez \u00e0 la vie du quartier ?<\/div>\n<div dir=\"auto\">Rejoignez-nous pour imaginer ensemble la prochaine f\u00eate du quartier (13\/06)<span class=\"html-span xexx8yu xyri2b x18d9i69 x1c1uobl x1hl2dhg x16tdsg8 x1vvkbs x3nfvp2 x1j61x8r x1fcty0u xdj266r xat24cr xm2jcoa x1mpyi22 xxymvpz xlup9mm x1kky2od\"><img loading=\"lazy\" decoding=\"async\" class=\"xz74otr x15mokao x1ga7v0g x16uus16 xbiv7yw\" src=\"https:\/\/static.xx.fbcdn.net\/images\/emoji.php\/v9\/t8c\/1\/16\/1f389.png\" alt=\"\ud83c\udf89\" width=\"16\" height=\"16\" \/><\/span><\/div>\n<div dir=\"auto\"><span class=\"html-span xexx8yu xyri2b x18d9i69 x1c1uobl x1hl2dhg x16tdsg8 x1vvkbs x3nfvp2 x1j61x8r x1fcty0u xdj266r xat24cr xm2jcoa x1mpyi22 xxymvpz xlup9mm x1kky2od\"><img loading=\"lazy\" decoding=\"async\" class=\"xz74otr x15mokao x1ga7v0g x16uus16 xbiv7yw\" src=\"https:\/\/static.xx.fbcdn.net\/images\/emoji.php\/v9\/t33\/1\/16\/1f957.png\" alt=\"\ud83e\udd57\" width=\"16\" height=\"16\" \/><\/span> Repas partag\u00e9 et convivialit\u00e9 au rendez-vous !<\/div>\n<\/div>\n<div class=\"x14z9mp xat24cr x1lziwak x1vvkbs xtlvy1s x126k92a\">\n<div dir=\"auto\"><span class=\"html-span xexx8yu xyri2b x18d9i69 x1c1uobl x1hl2dhg x16tdsg8 x1vvkbs x3nfvp2 x1j61x8r x1fcty0u xdj266r xat24cr xm2jcoa x1mpyi22 xxymvpz xlup9mm x1kky2od\"><img loading=\"lazy\" decoding=\"async\" class=\"xz74otr x15mokao x1ga7v0g x16uus16 xbiv7yw\" src=\"https:\/\/static.xx.fbcdn.net\/images\/emoji.php\/v9\/t7e\/1\/16\/1f4c5.png\" alt=\"\ud83d\udcc5\" width=\"16\" height=\"16\" \/><\/span> Mardi 12 mai \u2013 18h<\/div>\n<div dir=\"auto\"><span class=\"html-span xexx8yu xyri2b x18d9i69 x1c1uobl x1hl2dhg x16tdsg8 x1vvkbs x3nfvp2 x1j61x8r x1fcty0u xdj266r xat24cr xm2jcoa x1mpyi22 xxymvpz xlup9mm x1kky2od\"><img loading=\"lazy\" decoding=\"async\" class=\"xz74otr x15mokao x1ga7v0g x16uus16 xbiv7yw\" src=\"https:\/\/static.xx.fbcdn.net\/images\/emoji.php\/v9\/t2d\/1\/16\/1f4cd.png\" alt=\"\ud83d\udccd\" width=\"16\" height=\"16\" \/><\/span> MPT Petit Charran<\/div>\n<div dir=\"auto\"><span class=\"html-span xexx8yu xyri2b x18d9i69 x1c1uobl x1hl2dhg x16tdsg8 x1vvkbs x3nfvp2 x1j61x8r x1fcty0u xdj266r xat24cr xm2jcoa x1mpyi22 xxymvpz xlup9mm x1kky2od\"><img loading=\"lazy\" decoding=\"async\" class=\"xz74otr x15mokao x1ga7v0g x16uus16 xbiv7yw\" src=\"https:\/\/static.xx.fbcdn.net\/images\/emoji.php\/v9\/tf4\/1\/16\/2728.png\" alt=\"\u2728\" width=\"16\" height=\"16\" \/><\/span> Ouvert \u00e0 tous<\/div>\n<\/div>","excerpt":"<p>Rejoignez-nous pour imaginer ensemble la prochaine f\u00eate du quartier (13\/06) autour d&rsquo;un repas partag\u00e9 ! <\/p>","slug":"le-rendez-vous-des-benevoles-4","image":{"url":"https:\/\/mptpetitcharran.fr\/wp-content\/uploads\/2026\/04\/Le-rendez-vous-des-benevoles.png","id":6987,"extension":"png","width":1414,"height":2000,"filesize":246098,"sizes":{"medium":{"width":212,"height":300,"mime-type":"image\/png","filesize":43988,"url":"https:\/\/mptpetitcharran.fr\/wp-content\/uploads\/2026\/04\/Le-rendez-vous-des-benevoles-212x300.png"},"large":{"width":724,"height":1024,"mime-type":"image\/png","filesize":468858,"url":"https:\/\/mptpetitcharran.fr\/wp-content\/uploads\/2026\/04\/Le-rendez-vous-des-benevoles-724x1024.png"},"thumbnail":{"width":150,"height":150,"mime-type":"image\/png","filesize":24082,"url":"https:\/\/mptpetitcharran.fr\/wp-content\/uploads\/2026\/04\/Le-rendez-vous-des-benevoles-150x150.png"},"medium_large":{"width":768,"height":1086,"mime-type":"image\/png","filesize":557246,"url":"https:\/\/mptpetitcharran.fr\/wp-content\/uploads\/2026\/04\/Le-rendez-vous-des-benevoles-768x1086.png"},"1536x1536":{"width":1086,"height":1536,"mime-type":"image\/png","filesize":1098964,"url":"https:\/\/mptpetitcharran.fr\/wp-content\/uploads\/2026\/04\/Le-rendez-vous-des-benevoles-1086x1536.png"},"lodestar-featured-image":{"width":1414,"height":1200,"mime-type":"image\/png","filesize":191823,"url":"https:\/\/mptpetitcharran.fr\/wp-content\/uploads\/2026\/04\/Le-rendez-vous-des-benevoles-1414x1200.png"},"lodestar-featured-archive-image":{"width":700,"height":990,"mime-type":"image\/png","filesize":370978,"url":"https:\/\/mptpetitcharran.fr\/wp-content\/uploads\/2026\/04\/Le-rendez-vous-des-benevoles-700x990.png"},"lodestar-portfolio-archive-image":{"width":900,"height":600,"mime-type":"image\/png","filesize":376452,"url":"https:\/\/mptpetitcharran.fr\/wp-content\/uploads\/2026\/04\/Le-rendez-vous-des-benevoles-900x600.png"},"lodestar-thumbnail-avatar":{"width":100,"height":100,"mime-type":"image\/png","filesize":13354,"url":"https:\/\/mptpetitcharran.fr\/wp-content\/uploads\/2026\/04\/Le-rendez-vous-des-benevoles-100x100.png"},"lodestar-logo":{"width":283,"height":400,"mime-type":"image\/png","filesize":49022,"url":"https:\/\/mptpetitcharran.fr\/wp-content\/uploads\/2026\/04\/Le-rendez-vous-des-benevoles-283x400.png"}}},"all_day":false,"start_date":"2026-05-12 18:00:00","start_date_details":{"year":"2026","month":"05","day":"12","hour":"18","minutes":"00","seconds":"00"},"end_date":"2026-05-12 20:00:00","end_date_details":{"year":"2026","month":"05","day":"12","hour":"20","minutes":"00","seconds":"00"},"utc_start_date":"2026-05-12 16:00:00","utc_start_date_details":{"year":"2026","month":"05","day":"12","hour":"16","minutes":"00","seconds":"00"},"utc_end_date":"2026-05-12 18:00:00","utc_end_date_details":{"year":"2026","month":"05","day":"12","hour":"18","minutes":"00","seconds":"00"},"timezone":"UTC+1","timezone_abbr":"UTC+1","cost":"","cost_details":{"currency_symbol":"\u20ac","currency_code":"EUR","currency_position":"prefix","values":[]},"website":"","show_map":true,"show_map_link":true,"hide_from_listings":false,"sticky":false,"featured":false,"categories":[{"name":"B\u00e9n\u00e9voles","slug":"benevoles","term_group":0,"term_taxonomy_id":34,"taxonomy":"tribe_events_cat","description":"","parent":0,"count":5,"filter":"raw","id":34,"urls":{"self":"https:\/\/mptpetitcharran.fr\/index.php?rest_route=\/tribe\/events\/v1\/categories\/34","collection":"https:\/\/mptpetitcharran.fr\/index.php?rest_route=\/tribe\/events\/v1\/categories"}}],"tags":[],"venue":{"id":5841,"author":"1","status":"publish","date":"2024-09-13 13:10:35","date_utc":"2024-09-13 12:10:35","modified":"2024-09-13 13:10:35","modified_utc":"2024-09-13 12:10:35","url":"https:\/\/mptpetitcharran.fr\/?tribe_venue=maison-pour-tous-du-petit-charran","venue":"Maison pour tous du Petit Charran","slug":"maison-pour-tous-du-petit-charran","address":"30 Rue Henri Dunant","city":"Valence","country":"France","zip":"26000","phone":"04 75 43 48 52","website":"http:\/\/mptpetitcharran.fr\/","json_ld":{"@type":"Place","name":"Maison pour tous du Petit Charran","description":"","url":"","address":{"@type":"PostalAddress","streetAddress":"30 Rue Henri Dunant","addressLocality":"Valence","postalCode":"26000","addressCountry":"France"},"telephone":"04 75 43 48 52","sameAs":"http:\/\/mptpetitcharran.fr\/"},"show_map":false,"show_map_link":false,"global_id":"mptpetitcharran.fr?id=5841","global_id_lineage":["mptpetitcharran.fr?id=5841"]},"organizer":[{"id":5842,"author":"1","status":"publish","date":"2024-09-13 13:10:36","date_utc":"2024-09-13 12:10:36","modified":"2024-09-13 13:10:36","modified_utc":"2024-09-13 12:10:36","url":"https:\/\/mptpetitcharran.fr\/?tribe_organizer=maison-pour-tous-du-petit-charran","organizer":"Maison pour tous du Petit Charran","slug":"maison-pour-tous-du-petit-charran","website":"http:\/\/mptpetitcharran.fr\/","email":"contact@mptpetitcharran.org","json_ld":{"@type":"Person","name":"Maison pour tous du Petit Charran","description":"","url":"http:\/\/mptpetitcharran.fr\/","telephone":"","email":"&#99;&#111;&#110;t&#97;ct&#64;&#109;&#112;&#116;&#112;&#101;&#116;&#105;t&#99;ha&#114;ra&#110;.or&#103;","sameAs":"http:\/\/mptpetitcharran.fr\/"},"global_id":"mptpetitcharran.fr?id=5842","global_id_lineage":["mptpetitcharran.fr?id=5842"]}],"custom_fields":[],"json_ld":{"@context":"http:\/\/schema.org","@type":"Event","name":"Le rendez-vous des b\u00e9n\u00e9voles","description":"&lt;p&gt;Rejoignez-nous pour imaginer ensemble la prochaine f\u00eate du quartier (13\/06) autour d\\'un repas partag\u00e9 ! &lt;\/p&gt;\\n","image":"https:\/\/mptpetitcharran.fr\/wp-content\/uploads\/2026\/04\/Le-rendez-vous-des-benevoles.png","url":"https:\/\/mptpetitcharran.fr\/?tribe_events=le-rendez-vous-des-benevoles-4","eventAttendanceMode":"https:\/\/schema.org\/OfflineEventAttendanceMode","eventStatus":"https:\/\/schema.org\/EventScheduled","startDate":"2026-05-12T18:00:00+01:00","endDate":"2026-05-12T20:00:00+01:00","location":{"@type":"Place","name":"Maison pour tous du Petit Charran","description":"","url":"","address":{"@type":"PostalAddress","streetAddress":"30 Rue Henri Dunant","addressLocality":"Valence","postalCode":"26000","addressCountry":"France"},"telephone":"04 75 43 48 52","sameAs":"http:\/\/mptpetitcharran.fr\/"},"organizer":{"@type":"Person","name":"Maison pour tous du Petit Charran","description":"","url":"http:\/\/mptpetitcharran.fr\/","telephone":"","email":"con&#116;ac&#116;&#64;mpt&#112;e&#116;it&#99;&#104;arra&#110;.&#111;&#114;&#103;","sameAs":"http:\/\/mptpetitcharran.fr\/"},"performer":"Organization"}}