{"id":6822,"global_id":"mptpetitcharran.fr?id=6822","global_id_lineage":["mptpetitcharran.fr?id=6822"],"author":"1","status":"publish","date":"2025-10-30 14:37:24","date_utc":"2025-10-30 13:37:24","modified":"2025-11-13 15:49:04","modified_utc":"2025-11-13 14:49:04","url":"https:\/\/mptpetitcharran.fr\/?tribe_events=vacances-fin-dannee-atelier-parents-enfants","rest_url":"https:\/\/mptpetitcharran.fr\/index.php?rest_route=\/tribe\/events\/v1\/events\/6822","title":"Ateliers parents-enfants vacances de fin d&rsquo;ann\u00e9e","description":"<p align=\"left\" data-maileon-wysiwyg=\"true\"><span data-maileon-wysiwyg=\"true\">Profitez des vacances pour partager un moment cr\u00e9atif avec vos enfants ou petits-enfants !\u00a0<br data-maileon-wysiwyg=\"true\" \/>Au programme : construction d&rsquo;une maisonnette en carton \u00e0 d\u00e9corer ensemble, suivie d&rsquo;un go\u00fbter festif. Une apr\u00e8s-midi conviviale pour ralentir le rythme de d\u00e9cembre et cr\u00e9er de jolis souvenirs en famille.<\/span><\/p>\n<p align=\"left\" data-maileon-wysiwyg=\"true\"><span data-maileon-wysiwyg=\"true\">\ud83d\udcb0 Tarif : 15 \u20ac pour toute l\u2019ann\u00e9e + adh\u00e9sion famille (24 \u20ac)\u00a0<\/span><\/p>\n<p align=\"left\" data-maileon-wysiwyg=\"true\"><span data-maileon-wysiwyg=\"true\">\ud83d\udccc Infos &amp; inscriptions :\u00a0<\/span><\/p>\n<p align=\"left\" data-maileon-wysiwyg=\"true\"><span data-maileon-wysiwyg=\"true\">Magali Duval \u2013 04 12 04 12 62\u00a0<\/span><\/p>\n<p align=\"left\" data-maileon-wysiwyg=\"true\"><span data-maileon-wysiwyg=\"true\">\ud83d\udce7 famille@mptpetitcharran.org<\/span><\/p>","excerpt":"","slug":"vacances-fin-dannee-atelier-parents-enfants","image":{"url":"https:\/\/mptpetitcharran.fr\/wp-content\/uploads\/2025\/10\/Atelier-parents-enfants1.png","id":6823,"extension":"png","width":1414,"height":2000,"filesize":1569465,"sizes":{"medium":{"width":212,"height":300,"mime-type":"image\/png","filesize":95147,"url":"https:\/\/mptpetitcharran.fr\/wp-content\/uploads\/2025\/10\/Atelier-parents-enfants1-212x300.png"},"large":{"width":724,"height":1024,"mime-type":"image\/png","filesize":885301,"url":"https:\/\/mptpetitcharran.fr\/wp-content\/uploads\/2025\/10\/Atelier-parents-enfants1-724x1024.png"},"thumbnail":{"width":150,"height":150,"mime-type":"image\/png","filesize":39371,"url":"https:\/\/mptpetitcharran.fr\/wp-content\/uploads\/2025\/10\/Atelier-parents-enfants1-150x150.png"},"medium_large":{"width":768,"height":1086,"mime-type":"image\/png","filesize":1016827,"url":"https:\/\/mptpetitcharran.fr\/wp-content\/uploads\/2025\/10\/Atelier-parents-enfants1-768x1086.png"},"1536x1536":{"width":1086,"height":1536,"mime-type":"image\/png","filesize":1943775,"url":"https:\/\/mptpetitcharran.fr\/wp-content\/uploads\/2025\/10\/Atelier-parents-enfants1-1086x1536.png"},"lodestar-featured-image":{"width":1414,"height":1200,"mime-type":"image\/png","filesize":943635,"url":"https:\/\/mptpetitcharran.fr\/wp-content\/uploads\/2025\/10\/Atelier-parents-enfants1-1414x1200.png"},"lodestar-featured-archive-image":{"width":700,"height":990,"mime-type":"image\/png","filesize":775484,"url":"https:\/\/mptpetitcharran.fr\/wp-content\/uploads\/2025\/10\/Atelier-parents-enfants1-700x990.png"},"lodestar-portfolio-archive-image":{"width":900,"height":600,"mime-type":"image\/png","filesize":643418,"url":"https:\/\/mptpetitcharran.fr\/wp-content\/uploads\/2025\/10\/Atelier-parents-enfants1-900x600.png"},"lodestar-thumbnail-avatar":{"width":100,"height":100,"mime-type":"image\/png","filesize":19731,"url":"https:\/\/mptpetitcharran.fr\/wp-content\/uploads\/2025\/10\/Atelier-parents-enfants1-100x100.png"},"lodestar-logo":{"width":283,"height":400,"mime-type":"image\/png","filesize":136486,"url":"https:\/\/mptpetitcharran.fr\/wp-content\/uploads\/2025\/10\/Atelier-parents-enfants1-283x400.png"}}},"all_day":false,"start_date":"2025-12-23 14:00:00","start_date_details":{"year":"2025","month":"12","day":"23","hour":"14","minutes":"00","seconds":"00"},"end_date":"2025-12-23 17:00:00","end_date_details":{"year":"2025","month":"12","day":"23","hour":"17","minutes":"00","seconds":"00"},"utc_start_date":"2025-12-23 13:00:00","utc_start_date_details":{"year":"2025","month":"12","day":"23","hour":"13","minutes":"00","seconds":"00"},"utc_end_date":"2025-12-23 16:00:00","utc_end_date_details":{"year":"2025","month":"12","day":"23","hour":"16","minutes":"00","seconds":"00"},"timezone":"UTC+1","timezone_abbr":"UTC+1","cost":"","cost_details":{"currency_symbol":"\u20ac","currency_code":"EUR","currency_position":"prefix","values":[]},"website":"","show_map":true,"show_map_link":true,"hide_from_listings":false,"sticky":false,"featured":false,"categories":[],"tags":[],"venue":{"id":5841,"author":"1","status":"publish","date":"2024-09-13 13:10:35","date_utc":"2024-09-13 12:10:35","modified":"2024-09-13 13:10:35","modified_utc":"2024-09-13 12:10:35","url":"https:\/\/mptpetitcharran.fr\/?tribe_venue=maison-pour-tous-du-petit-charran","venue":"Maison pour tous du Petit Charran","slug":"maison-pour-tous-du-petit-charran","address":"30 Rue Henri Dunant","city":"Valence","country":"France","zip":"26000","phone":"04 75 43 48 52","website":"http:\/\/mptpetitcharran.fr\/","json_ld":{"@type":"Place","name":"Maison pour tous du Petit Charran","description":"","url":"","address":{"@type":"PostalAddress","streetAddress":"30 Rue Henri Dunant","addressLocality":"Valence","postalCode":"26000","addressCountry":"France"},"telephone":"04 75 43 48 52","sameAs":"http:\/\/mptpetitcharran.fr\/"},"show_map":false,"show_map_link":false,"global_id":"mptpetitcharran.fr?id=5841","global_id_lineage":["mptpetitcharran.fr?id=5841"]},"organizer":[{"id":5842,"author":"1","status":"publish","date":"2024-09-13 13:10:36","date_utc":"2024-09-13 12:10:36","modified":"2024-09-13 13:10:36","modified_utc":"2024-09-13 12:10:36","url":"https:\/\/mptpetitcharran.fr\/?tribe_organizer=maison-pour-tous-du-petit-charran","organizer":"Maison pour tous du Petit Charran","slug":"maison-pour-tous-du-petit-charran","website":"http:\/\/mptpetitcharran.fr\/","email":"contact@mptpetitcharran.org","json_ld":{"@type":"Person","name":"Maison pour tous du Petit Charran","description":"","url":"http:\/\/mptpetitcharran.fr\/","telephone":"","email":"con&#116;a&#99;t&#64;&#109;&#112;tp&#101;&#116;i&#116;ch&#97;&#114;&#114;a&#110;.&#111;&#114;g","sameAs":"http:\/\/mptpetitcharran.fr\/"},"global_id":"mptpetitcharran.fr?id=5842","global_id_lineage":["mptpetitcharran.fr?id=5842"]}],"custom_fields":[],"json_ld":{"@context":"http:\/\/schema.org","@type":"Event","name":"Ateliers parents-enfants vacances de fin d&rsquo;ann\u00e9e","description":"&lt;p&gt;Profitez des vacances pour partager un moment cr\u00e9atif avec vos enfants ou petits-enfants !\u00a0Au programme : construction d\\'une maisonnette en carton \u00e0 d\u00e9corer ensemble, suivie d\\'un go\u00fbter festif. Une apr\u00e8s-midi &hellip; &lt;a href=&quot;https:\/\/mptpetitcharran.fr\/?tribe_events=vacances-fin-dannee-atelier-parents-enfants&quot; class=&quot;more-link&quot;&gt;Continue reading &lt;span class=&quot;screen-reader-text&quot;&gt;Ateliers parents-enfants vacances de fin d&rsquo;ann\u00e9e&lt;\/span&gt; &lt;span class=&quot;meta-nav&quot;&gt;&rarr;&lt;\/span&gt;&lt;\/a&gt;&lt;\/p&gt;\\n","image":"https:\/\/mptpetitcharran.fr\/wp-content\/uploads\/2025\/10\/Atelier-parents-enfants1.png","url":"https:\/\/mptpetitcharran.fr\/?tribe_events=vacances-fin-dannee-atelier-parents-enfants","eventAttendanceMode":"https:\/\/schema.org\/OfflineEventAttendanceMode","eventStatus":"https:\/\/schema.org\/EventScheduled","startDate":"2025-12-23T14:00:00+01:00","endDate":"2025-12-23T17:00:00+01:00","location":{"@type":"Place","name":"Maison pour tous du Petit Charran","description":"","url":"","address":{"@type":"PostalAddress","streetAddress":"30 Rue Henri Dunant","addressLocality":"Valence","postalCode":"26000","addressCountry":"France"},"telephone":"04 75 43 48 52","sameAs":"http:\/\/mptpetitcharran.fr\/"},"organizer":{"@type":"Person","name":"Maison pour tous du Petit Charran","description":"","url":"http:\/\/mptpetitcharran.fr\/","telephone":"","email":"&#99;o&#110;tact&#64;m&#112;t&#112;&#101;tit&#99;&#104;arr&#97;n&#46;o&#114;g","sameAs":"http:\/\/mptpetitcharran.fr\/"},"performer":"Organization"}}