{"id":6815,"global_id":"mptpetitcharran.fr?id=6815","global_id_lineage":["mptpetitcharran.fr?id=6815"],"author":"1","status":"publish","date":"2025-10-30 14:27:56","date_utc":"2025-10-30 13:27:56","modified":"2025-10-30 14:27:56","modified_utc":"2025-10-30 13:27:56","url":"https:\/\/mptpetitcharran.fr\/?tribe_events=inscription-vacances-fin-dannee-2025","rest_url":"https:\/\/mptpetitcharran.fr\/index.php?rest_route=\/tribe\/events\/v1\/events\/6815","title":"Inscriptions Vacances de fin d&rsquo;ann\u00e9e accueil de loisirs","description":"<p data-maileon-wysiwyg=\"true\"><span data-maileon-wysiwyg=\"true\">Ne manquez pas l&rsquo;ouverture des inscriptions pour l&rsquo;accueil de loisirs des vacances de fin d&rsquo;ann\u00e9e !\u00a0<br data-maileon-wysiwyg=\"true\" \/>Le programme d\u00e9taill\u00e9 sera communiqu\u00e9 prochainement. <\/span><\/p>","excerpt":"","slug":"inscription-vacances-fin-dannee-2025","image":{"url":"https:\/\/mptpetitcharran.fr\/wp-content\/uploads\/2025\/10\/inscription-des-mercredis.png","id":6816,"extension":"png","width":1414,"height":2000,"filesize":361853,"sizes":{"medium":{"width":212,"height":300,"mime-type":"image\/png","filesize":61894,"url":"https:\/\/mptpetitcharran.fr\/wp-content\/uploads\/2025\/10\/inscription-des-mercredis-212x300.png"},"large":{"width":724,"height":1024,"mime-type":"image\/png","filesize":525308,"url":"https:\/\/mptpetitcharran.fr\/wp-content\/uploads\/2025\/10\/inscription-des-mercredis-724x1024.png"},"thumbnail":{"width":150,"height":150,"mime-type":"image\/png","filesize":27611,"url":"https:\/\/mptpetitcharran.fr\/wp-content\/uploads\/2025\/10\/inscription-des-mercredis-150x150.png"},"medium_large":{"width":768,"height":1086,"mime-type":"image\/png","filesize":659314,"url":"https:\/\/mptpetitcharran.fr\/wp-content\/uploads\/2025\/10\/inscription-des-mercredis-768x1086.png"},"1536x1536":{"width":1086,"height":1536,"mime-type":"image\/png","filesize":1273611,"url":"https:\/\/mptpetitcharran.fr\/wp-content\/uploads\/2025\/10\/inscription-des-mercredis-1086x1536.png"},"lodestar-featured-image":{"width":1414,"height":1200,"mime-type":"image\/png","filesize":292313,"url":"https:\/\/mptpetitcharran.fr\/wp-content\/uploads\/2025\/10\/inscription-des-mercredis-1414x1200.png"},"lodestar-featured-archive-image":{"width":700,"height":990,"mime-type":"image\/png","filesize":452858,"url":"https:\/\/mptpetitcharran.fr\/wp-content\/uploads\/2025\/10\/inscription-des-mercredis-700x990.png"},"lodestar-portfolio-archive-image":{"width":900,"height":600,"mime-type":"image\/png","filesize":416126,"url":"https:\/\/mptpetitcharran.fr\/wp-content\/uploads\/2025\/10\/inscription-des-mercredis-900x600.png"},"lodestar-thumbnail-avatar":{"width":100,"height":100,"mime-type":"image\/png","filesize":14475,"url":"https:\/\/mptpetitcharran.fr\/wp-content\/uploads\/2025\/10\/inscription-des-mercredis-100x100.png"},"lodestar-logo":{"width":283,"height":400,"mime-type":"image\/png","filesize":77204,"url":"https:\/\/mptpetitcharran.fr\/wp-content\/uploads\/2025\/10\/inscription-des-mercredis-283x400.png"}}},"all_day":false,"start_date":"2025-11-25 12:00:00","start_date_details":{"year":"2025","month":"11","day":"25","hour":"12","minutes":"00","seconds":"00"},"end_date":"2025-11-25 17:00:00","end_date_details":{"year":"2025","month":"11","day":"25","hour":"17","minutes":"00","seconds":"00"},"utc_start_date":"2025-11-25 11:00:00","utc_start_date_details":{"year":"2025","month":"11","day":"25","hour":"11","minutes":"00","seconds":"00"},"utc_end_date":"2025-11-25 16:00:00","utc_end_date_details":{"year":"2025","month":"11","day":"25","hour":"16","minutes":"00","seconds":"00"},"timezone":"UTC+1","timezone_abbr":"UTC+1","cost":"","cost_details":{"currency_symbol":"\u20ac","currency_code":"EUR","currency_position":"prefix","values":[]},"website":"","show_map":true,"show_map_link":true,"hide_from_listings":false,"sticky":false,"featured":false,"categories":[{"name":"Accueil de loisirs","slug":"accueil-de-loisirs","term_group":0,"term_taxonomy_id":38,"taxonomy":"tribe_events_cat","description":"","parent":0,"count":2,"filter":"raw","id":38,"urls":{"self":"https:\/\/mptpetitcharran.fr\/index.php?rest_route=\/tribe\/events\/v1\/categories\/38","collection":"https:\/\/mptpetitcharran.fr\/index.php?rest_route=\/tribe\/events\/v1\/categories"}}],"tags":[],"venue":{"id":5841,"author":"1","status":"publish","date":"2024-09-13 13:10:35","date_utc":"2024-09-13 12:10:35","modified":"2024-09-13 13:10:35","modified_utc":"2024-09-13 12:10:35","url":"https:\/\/mptpetitcharran.fr\/?tribe_venue=maison-pour-tous-du-petit-charran","venue":"Maison pour tous du Petit Charran","slug":"maison-pour-tous-du-petit-charran","address":"30 Rue Henri Dunant","city":"Valence","country":"France","zip":"26000","phone":"04 75 43 48 52","website":"http:\/\/mptpetitcharran.fr\/","json_ld":{"@type":"Place","name":"Maison pour tous du Petit Charran","description":"","url":"","address":{"@type":"PostalAddress","streetAddress":"30 Rue Henri Dunant","addressLocality":"Valence","postalCode":"26000","addressCountry":"France"},"telephone":"04 75 43 48 52","sameAs":"http:\/\/mptpetitcharran.fr\/"},"show_map":false,"show_map_link":false,"global_id":"mptpetitcharran.fr?id=5841","global_id_lineage":["mptpetitcharran.fr?id=5841"]},"organizer":[{"id":5842,"author":"1","status":"publish","date":"2024-09-13 13:10:36","date_utc":"2024-09-13 12:10:36","modified":"2024-09-13 13:10:36","modified_utc":"2024-09-13 12:10:36","url":"https:\/\/mptpetitcharran.fr\/?tribe_organizer=maison-pour-tous-du-petit-charran","organizer":"Maison pour tous du Petit Charran","slug":"maison-pour-tous-du-petit-charran","website":"http:\/\/mptpetitcharran.fr\/","email":"contact@mptpetitcharran.org","json_ld":{"@type":"Person","name":"Maison pour tous du Petit Charran","description":"","url":"http:\/\/mptpetitcharran.fr\/","telephone":"","email":"co&#110;t&#97;&#99;&#116;&#64;&#109;p&#116;&#112;&#101;ti&#116;ch&#97;rr&#97;&#110;&#46;&#111;rg","sameAs":"http:\/\/mptpetitcharran.fr\/"},"global_id":"mptpetitcharran.fr?id=5842","global_id_lineage":["mptpetitcharran.fr?id=5842"]}],"custom_fields":[],"json_ld":{"@context":"http:\/\/schema.org","@type":"Event","name":"Inscriptions Vacances de fin d&rsquo;ann\u00e9e accueil de loisirs","description":"&lt;p&gt;Ne manquez pas l\\'ouverture des inscriptions pour l\\'accueil de loisirs des vacances de fin d\\'ann\u00e9e !\u00a0Le programme d\u00e9taill\u00e9 sera communiqu\u00e9 prochainement.&lt;\/p&gt;\\n","image":"https:\/\/mptpetitcharran.fr\/wp-content\/uploads\/2025\/10\/inscription-des-mercredis.png","url":"https:\/\/mptpetitcharran.fr\/?tribe_events=inscription-vacances-fin-dannee-2025","eventAttendanceMode":"https:\/\/schema.org\/OfflineEventAttendanceMode","eventStatus":"https:\/\/schema.org\/EventScheduled","startDate":"2025-11-25T12:00:00+01:00","endDate":"2025-11-25T17:00:00+01:00","location":{"@type":"Place","name":"Maison pour tous du Petit Charran","description":"","url":"","address":{"@type":"PostalAddress","streetAddress":"30 Rue Henri Dunant","addressLocality":"Valence","postalCode":"26000","addressCountry":"France"},"telephone":"04 75 43 48 52","sameAs":"http:\/\/mptpetitcharran.fr\/"},"organizer":{"@type":"Person","name":"Maison pour tous du Petit Charran","description":"","url":"http:\/\/mptpetitcharran.fr\/","telephone":"","email":"&#99;&#111;&#110;t&#97;ct&#64;&#109;&#112;&#116;p&#101;&#116;itc&#104;&#97;r&#114;an&#46;&#111;&#114;g","sameAs":"http:\/\/mptpetitcharran.fr\/"},"performer":"Organization"}}