{"id":6812,"global_id":"mptpetitcharran.fr?id=6812","global_id_lineage":["mptpetitcharran.fr?id=6812"],"author":"1","status":"publish","date":"2025-10-30 14:25:03","date_utc":"2025-10-30 13:25:03","modified":"2025-10-30 14:25:03","modified_utc":"2025-10-30 13:25:03","url":"https:\/\/mptpetitcharran.fr\/?tribe_events=festival-des-solidarites-2025","rest_url":"https:\/\/mptpetitcharran.fr\/index.php?rest_route=\/tribe\/events\/v1\/events\/6812","title":"Festi&rsquo;sol","description":"<p align=\"left\" data-maileon-wysiwyg=\"true\"><span data-maileon-wysiwyg=\"true\">Le Festival des solidarit\u00e9s revient pour c\u00e9l\u00e9brer les cultures du monde et la solidarit\u00e9 ! Le collectif du Festi&rsquo;Sol vous accueille sur deux jours de d\u00e9couvertes et de partage.<\/span><\/p>\n<p align=\"left\" data-maileon-wysiwyg=\"true\"><span data-maileon-wysiwyg=\"true\"><strong data-maileon-wysiwyg=\"true\">Jeudi 20 novembre d\u00e8s 18h<\/strong> au Caf\u00e9 Le Partiel (Place Latour Maubourg) : ateliers participatifs avec La Cimade, Artisans du Monde, ADOS, Sol\u00e9&rsquo;Val et la MPT, cuisine du monde avec shorba et bortsch pr\u00e9par\u00e9s par la Maison Nelson Mandela, l&rsquo;UEAJ et l&rsquo;association ukrainienne Ruta et la Maison de l&rsquo;Europe Direct Drome Ardeche, puis concert des \u00e9tudiants de MUSISAR \u00e0 20h30. L&rsquo;occasion parfaite de d\u00e9couvrir ce caf\u00e9 associatif \u00e9tudiant !<\/span><\/p>\n<p align=\"left\" data-maileon-wysiwyg=\"true\"><span data-maileon-wysiwyg=\"true\"><strong data-maileon-wysiwyg=\"true\">Vendredi 21 novembre de 14h \u00e0 21h30<\/strong> \u00e0 la MPT du Petit Charran : ateliers ludiques, contes camerounais, \u00e9changes sur la solidarit\u00e9 avec l&rsquo;Ukraine \u00e0 18h, concert \u00e0 19h30 et buffet festif pr\u00e9par\u00e9 par nos b\u00e9n\u00e9voles, l&rsquo;UEAJ et les Amis du Cameroun.<\/span><\/p>\n<p align=\"left\" data-maileon-wysiwyg=\"true\"><span data-maileon-wysiwyg=\"true\">Deux jours pour se rencontrer et f\u00eater la solidarit\u00e9 ensemble. Venez nombreux !<\/span><\/p>","excerpt":"","slug":"festival-des-solidarites-2025","image":{"url":"https:\/\/mptpetitcharran.fr\/wp-content\/uploads\/2025\/10\/Affiche-FESTIsol-20252.png","id":6813,"extension":"png","width":1414,"height":2000,"filesize":421920,"sizes":{"medium":{"width":212,"height":300,"mime-type":"image\/png","filesize":59577,"url":"https:\/\/mptpetitcharran.fr\/wp-content\/uploads\/2025\/10\/Affiche-FESTIsol-20252-212x300.png"},"large":{"width":724,"height":1024,"mime-type":"image\/png","filesize":511501,"url":"https:\/\/mptpetitcharran.fr\/wp-content\/uploads\/2025\/10\/Affiche-FESTIsol-20252-724x1024.png"},"thumbnail":{"width":150,"height":150,"mime-type":"image\/png","filesize":27757,"url":"https:\/\/mptpetitcharran.fr\/wp-content\/uploads\/2025\/10\/Affiche-FESTIsol-20252-150x150.png"},"medium_large":{"width":768,"height":1086,"mime-type":"image\/png","filesize":620788,"url":"https:\/\/mptpetitcharran.fr\/wp-content\/uploads\/2025\/10\/Affiche-FESTIsol-20252-768x1086.png"},"1536x1536":{"width":1086,"height":1536,"mime-type":"image\/png","filesize":1169693,"url":"https:\/\/mptpetitcharran.fr\/wp-content\/uploads\/2025\/10\/Affiche-FESTIsol-20252-1086x1536.png"},"lodestar-featured-image":{"width":1414,"height":1200,"mime-type":"image\/png","filesize":335496,"url":"https:\/\/mptpetitcharran.fr\/wp-content\/uploads\/2025\/10\/Affiche-FESTIsol-20252-1414x1200.png"},"lodestar-featured-archive-image":{"width":700,"height":990,"mime-type":"image\/png","filesize":456088,"url":"https:\/\/mptpetitcharran.fr\/wp-content\/uploads\/2025\/10\/Affiche-FESTIsol-20252-700x990.png"},"lodestar-portfolio-archive-image":{"width":900,"height":600,"mime-type":"image\/png","filesize":386211,"url":"https:\/\/mptpetitcharran.fr\/wp-content\/uploads\/2025\/10\/Affiche-FESTIsol-20252-900x600.png"},"lodestar-thumbnail-avatar":{"width":100,"height":100,"mime-type":"image\/png","filesize":14459,"url":"https:\/\/mptpetitcharran.fr\/wp-content\/uploads\/2025\/10\/Affiche-FESTIsol-20252-100x100.png"},"lodestar-logo":{"width":283,"height":400,"mime-type":"image\/png","filesize":85354,"url":"https:\/\/mptpetitcharran.fr\/wp-content\/uploads\/2025\/10\/Affiche-FESTIsol-20252-283x400.png"}}},"all_day":false,"start_date":"2025-11-20 18:00:00","start_date_details":{"year":"2025","month":"11","day":"20","hour":"18","minutes":"00","seconds":"00"},"end_date":"2025-11-21 18:00:00","end_date_details":{"year":"2025","month":"11","day":"21","hour":"18","minutes":"00","seconds":"00"},"utc_start_date":"2025-11-20 17:00:00","utc_start_date_details":{"year":"2025","month":"11","day":"20","hour":"17","minutes":"00","seconds":"00"},"utc_end_date":"2025-11-21 17:00:00","utc_end_date_details":{"year":"2025","month":"11","day":"21","hour":"17","minutes":"00","seconds":"00"},"timezone":"UTC+1","timezone_abbr":"UTC+1","cost":"","cost_details":{"currency_symbol":"\u20ac","currency_code":"EUR","currency_position":"prefix","values":[]},"website":"","show_map":true,"show_map_link":false,"hide_from_listings":false,"sticky":false,"featured":false,"categories":[],"tags":[],"venue":[],"organizer":[],"custom_fields":[],"json_ld":{"@context":"http:\/\/schema.org","@type":"Event","name":"Festi&rsquo;sol","description":"&lt;p&gt;Le Festival des solidarit\u00e9s revient pour c\u00e9l\u00e9brer les cultures du monde et la solidarit\u00e9 ! Le collectif du Festi\\'Sol vous accueille sur deux jours de d\u00e9couvertes et de partage. Jeudi &hellip; &lt;a href=&quot;https:\/\/mptpetitcharran.fr\/?tribe_events=festival-des-solidarites-2025&quot; class=&quot;more-link&quot;&gt;Continue reading &lt;span class=&quot;screen-reader-text&quot;&gt;Festi&rsquo;sol&lt;\/span&gt; &lt;span class=&quot;meta-nav&quot;&gt;&rarr;&lt;\/span&gt;&lt;\/a&gt;&lt;\/p&gt;\\n","image":"https:\/\/mptpetitcharran.fr\/wp-content\/uploads\/2025\/10\/Affiche-FESTIsol-20252.png","url":"https:\/\/mptpetitcharran.fr\/?tribe_events=festival-des-solidarites-2025","eventAttendanceMode":"https:\/\/schema.org\/OfflineEventAttendanceMode","eventStatus":"https:\/\/schema.org\/EventScheduled","startDate":"2025-11-20T18:00:00+01:00","endDate":"2025-11-21T18:00:00+01:00","performer":"Organization"}}