{"id":6800,"global_id":"mptpetitcharran.fr?id=6800","global_id_lineage":["mptpetitcharran.fr?id=6800"],"author":"1","status":"publish","date":"2025-10-13 14:02:24","date_utc":"2025-10-13 13:02:24","modified":"2025-11-13 15:45:43","modified_utc":"2025-11-13 14:45:43","url":"https:\/\/mptpetitcharran.fr\/?tribe_events=atelier-sommeil-valence-2","rest_url":"https:\/\/mptpetitcharran.fr\/index.php?rest_route=\/tribe\/events\/v1\/events\/6800","title":"Atelier \u201c1, 2, 3 Sommeil\u201d \u00e0 Valence \u2013 Maison pour Tous du Petit Charran","description":"<p>Un nouvel atelier \u201c1, 2, 3 Sommeil\u201d pour poursuivre les \u00e9changes autour du repos, du bien-\u00eatre et des bons r\u00e9flexes pour mieux dormir.<br data-start=\"6471\" data-end=\"6474\" \/>Venez profiter de ce moment d\u2019\u00e9coute et de partage dans une atmosph\u00e8re bienveillante et participative.<\/p>","excerpt":"","slug":"atelier-sommeil-valence-2","image":{"url":"https:\/\/mptpetitcharran.fr\/wp-content\/uploads\/2025\/10\/123-Sommeil-2025.png","id":6795,"extension":"png","width":1414,"height":2000,"filesize":5353091,"sizes":{"medium":{"width":212,"height":300,"mime-type":"image\/png","filesize":126257,"url":"https:\/\/mptpetitcharran.fr\/wp-content\/uploads\/2025\/10\/123-Sommeil-2025-212x300.png"},"large":{"width":724,"height":1024,"mime-type":"image\/png","filesize":1365792,"url":"https:\/\/mptpetitcharran.fr\/wp-content\/uploads\/2025\/10\/123-Sommeil-2025-724x1024.png"},"thumbnail":{"width":150,"height":150,"mime-type":"image\/png","filesize":49707,"url":"https:\/\/mptpetitcharran.fr\/wp-content\/uploads\/2025\/10\/123-Sommeil-2025-150x150.png"},"medium_large":{"width":768,"height":1086,"mime-type":"image\/png","filesize":1543560,"url":"https:\/\/mptpetitcharran.fr\/wp-content\/uploads\/2025\/10\/123-Sommeil-2025-768x1086.png"},"1536x1536":{"width":1086,"height":1536,"mime-type":"image\/png","filesize":3053624,"url":"https:\/\/mptpetitcharran.fr\/wp-content\/uploads\/2025\/10\/123-Sommeil-2025-1086x1536.png"},"lodestar-featured-image":{"width":1414,"height":1200,"mime-type":"image\/png","filesize":3504959,"url":"https:\/\/mptpetitcharran.fr\/wp-content\/uploads\/2025\/10\/123-Sommeil-2025-1414x1200.png"},"lodestar-featured-archive-image":{"width":700,"height":990,"mime-type":"image\/png","filesize":1276326,"url":"https:\/\/mptpetitcharran.fr\/wp-content\/uploads\/2025\/10\/123-Sommeil-2025-700x990.png"},"lodestar-portfolio-archive-image":{"width":900,"height":600,"mime-type":"image\/png","filesize":1099106,"url":"https:\/\/mptpetitcharran.fr\/wp-content\/uploads\/2025\/10\/123-Sommeil-2025-900x600.png"},"lodestar-thumbnail-avatar":{"width":100,"height":100,"mime-type":"image\/png","filesize":23567,"url":"https:\/\/mptpetitcharran.fr\/wp-content\/uploads\/2025\/10\/123-Sommeil-2025-100x100.png"},"lodestar-logo":{"width":283,"height":400,"mime-type":"image\/png","filesize":215609,"url":"https:\/\/mptpetitcharran.fr\/wp-content\/uploads\/2025\/10\/123-Sommeil-2025-283x400.png"}}},"all_day":false,"start_date":"2025-11-22 09:30:00","start_date_details":{"year":"2025","month":"11","day":"22","hour":"09","minutes":"30","seconds":"00"},"end_date":"2025-11-22 12:00:00","end_date_details":{"year":"2025","month":"11","day":"22","hour":"12","minutes":"00","seconds":"00"},"utc_start_date":"2025-11-22 08:30:00","utc_start_date_details":{"year":"2025","month":"11","day":"22","hour":"08","minutes":"30","seconds":"00"},"utc_end_date":"2025-11-22 11:00:00","utc_end_date_details":{"year":"2025","month":"11","day":"22","hour":"11","minutes":"00","seconds":"00"},"timezone":"UTC+1","timezone_abbr":"UTC+1","cost":"","cost_details":{"currency_symbol":"\u20ac","currency_code":"EUR","currency_position":"prefix","values":[]},"website":"","show_map":true,"show_map_link":true,"hide_from_listings":false,"sticky":false,"featured":false,"categories":[],"tags":[],"venue":{"id":5841,"author":"1","status":"publish","date":"2024-09-13 13:10:35","date_utc":"2024-09-13 12:10:35","modified":"2024-09-13 13:10:35","modified_utc":"2024-09-13 12:10:35","url":"https:\/\/mptpetitcharran.fr\/?tribe_venue=maison-pour-tous-du-petit-charran","venue":"Maison pour tous du Petit Charran","slug":"maison-pour-tous-du-petit-charran","address":"30 Rue Henri Dunant","city":"Valence","country":"France","zip":"26000","phone":"04 75 43 48 52","website":"http:\/\/mptpetitcharran.fr\/","json_ld":{"@type":"Place","name":"Maison pour tous du Petit Charran","description":"","url":"","address":{"@type":"PostalAddress","streetAddress":"30 Rue Henri Dunant","addressLocality":"Valence","postalCode":"26000","addressCountry":"France"},"telephone":"04 75 43 48 52","sameAs":"http:\/\/mptpetitcharran.fr\/"},"show_map":false,"show_map_link":false,"global_id":"mptpetitcharran.fr?id=5841","global_id_lineage":["mptpetitcharran.fr?id=5841"]},"organizer":[{"id":5842,"author":"1","status":"publish","date":"2024-09-13 13:10:36","date_utc":"2024-09-13 12:10:36","modified":"2024-09-13 13:10:36","modified_utc":"2024-09-13 12:10:36","url":"https:\/\/mptpetitcharran.fr\/?tribe_organizer=maison-pour-tous-du-petit-charran","organizer":"Maison pour tous du Petit Charran","slug":"maison-pour-tous-du-petit-charran","website":"http:\/\/mptpetitcharran.fr\/","email":"contact@mptpetitcharran.org","json_ld":{"@type":"Person","name":"Maison pour tous du Petit Charran","description":"","url":"http:\/\/mptpetitcharran.fr\/","telephone":"","email":"&#99;&#111;ntact&#64;mp&#116;p&#101;&#116;&#105;&#116;&#99;&#104;a&#114;&#114;an&#46;org","sameAs":"http:\/\/mptpetitcharran.fr\/"},"global_id":"mptpetitcharran.fr?id=5842","global_id_lineage":["mptpetitcharran.fr?id=5842"]}],"custom_fields":[],"json_ld":{"@context":"http:\/\/schema.org","@type":"Event","name":"Atelier \u201c1, 2, 3 Sommeil\u201d \u00e0 Valence \u2013 Maison pour Tous du Petit Charran","description":"&lt;p&gt;Un nouvel atelier \u201c1, 2, 3 Sommeil\u201d pour poursuivre les \u00e9changes autour du repos, du bien-\u00eatre et des bons r\u00e9flexes pour mieux dormir.Venez profiter de ce moment d\u2019\u00e9coute et de &hellip; &lt;a href=&quot;https:\/\/mptpetitcharran.fr\/?tribe_events=atelier-sommeil-valence-2&quot; class=&quot;more-link&quot;&gt;Continue reading &lt;span class=&quot;screen-reader-text&quot;&gt;Atelier \u201c1, 2, 3 Sommeil\u201d \u00e0 Valence \u2013 Maison pour Tous du Petit Charran&lt;\/span&gt; &lt;span class=&quot;meta-nav&quot;&gt;&rarr;&lt;\/span&gt;&lt;\/a&gt;&lt;\/p&gt;\\n","image":"https:\/\/mptpetitcharran.fr\/wp-content\/uploads\/2025\/10\/123-Sommeil-2025.png","url":"https:\/\/mptpetitcharran.fr\/?tribe_events=atelier-sommeil-valence-2","eventAttendanceMode":"https:\/\/schema.org\/OfflineEventAttendanceMode","eventStatus":"https:\/\/schema.org\/EventScheduled","startDate":"2025-11-22T09:30:00+01:00","endDate":"2025-11-22T12:00:00+01:00","location":{"@type":"Place","name":"Maison pour tous du Petit Charran","description":"","url":"","address":{"@type":"PostalAddress","streetAddress":"30 Rue Henri Dunant","addressLocality":"Valence","postalCode":"26000","addressCountry":"France"},"telephone":"04 75 43 48 52","sameAs":"http:\/\/mptpetitcharran.fr\/"},"organizer":{"@type":"Person","name":"Maison pour tous du Petit Charran","description":"","url":"http:\/\/mptpetitcharran.fr\/","telephone":"","email":"&#99;o&#110;t&#97;&#99;t&#64;&#109;&#112;t&#112;&#101;ti&#116;c&#104;&#97;&#114;r&#97;&#110;.&#111;&#114;g","sameAs":"http:\/\/mptpetitcharran.fr\/"},"performer":"Organization"}}