{"id":6797,"global_id":"mptpetitcharran.fr?id=6797","global_id_lineage":["mptpetitcharran.fr?id=6797"],"author":"1","status":"publish","date":"2025-10-13 13:59:37","date_utc":"2025-10-13 12:59:37","modified":"2025-10-13 13:59:37","modified_utc":"2025-10-13 12:59:37","url":"https:\/\/mptpetitcharran.fr\/?tribe_events=bal-folk-valence-novembre","rest_url":"https:\/\/mptpetitcharran.fr\/index.php?rest_route=\/tribe\/events\/v1\/events\/6797","title":"Bal Folk \u00e0 Valence \u2013 Maison pour Tous du Petit Charran","description":"<p>Venez danser, tourner, rire et partager un moment musical lors du <strong data-start=\"4868\" data-end=\"4880\">Bal Folk<\/strong> organis\u00e9 \u00e0 la Maison pour Tous du Petit Charran.<br data-start=\"4929\" data-end=\"4932\" \/>Un \u00e9v\u00e9nement chaleureux o\u00f9 toutes les g\u00e9n\u00e9rations se retrouvent autour de musiques traditionnelles et d\u2019airs entra\u00eenants.<br data-start=\"5053\" data-end=\"5056\" \/>Pas besoin d\u2019\u00eatre danseur confirm\u00e9, juste l\u2019envie de s\u2019amuser !<\/p>","excerpt":"<p>Dansez au rythme du Bal Folk \u00e0 Valence ! Soir\u00e9e festive et musicale \u00e0 la Maison pour Tous du Petit Charran.<\/p>","slug":"bal-folk-valence-novembre","image":{"url":"https:\/\/mptpetitcharran.fr\/wp-content\/uploads\/2025\/10\/Affiche-bal-folk1.png","id":6798,"extension":"png","width":1414,"height":2000,"filesize":2760311,"sizes":{"medium":{"width":212,"height":300,"mime-type":"image\/png","filesize":84237,"url":"https:\/\/mptpetitcharran.fr\/wp-content\/uploads\/2025\/10\/Affiche-bal-folk1-212x300.png"},"large":{"width":724,"height":1024,"mime-type":"image\/png","filesize":905300,"url":"https:\/\/mptpetitcharran.fr\/wp-content\/uploads\/2025\/10\/Affiche-bal-folk1-724x1024.png"},"thumbnail":{"width":150,"height":150,"mime-type":"image\/png","filesize":41384,"url":"https:\/\/mptpetitcharran.fr\/wp-content\/uploads\/2025\/10\/Affiche-bal-folk1-150x150.png"},"medium_large":{"width":768,"height":1086,"mime-type":"image\/png","filesize":1047497,"url":"https:\/\/mptpetitcharran.fr\/wp-content\/uploads\/2025\/10\/Affiche-bal-folk1-768x1086.png"},"1536x1536":{"width":1086,"height":1536,"mime-type":"image\/png","filesize":2032441,"url":"https:\/\/mptpetitcharran.fr\/wp-content\/uploads\/2025\/10\/Affiche-bal-folk1-1086x1536.png"},"lodestar-featured-image":{"width":1414,"height":1200,"mime-type":"image\/png","filesize":2511025,"url":"https:\/\/mptpetitcharran.fr\/wp-content\/uploads\/2025\/10\/Affiche-bal-folk1-1414x1200.png"},"lodestar-featured-archive-image":{"width":700,"height":990,"mime-type":"image\/png","filesize":826184,"url":"https:\/\/mptpetitcharran.fr\/wp-content\/uploads\/2025\/10\/Affiche-bal-folk1-700x990.png"},"lodestar-portfolio-archive-image":{"width":900,"height":600,"mime-type":"image\/png","filesize":961658,"url":"https:\/\/mptpetitcharran.fr\/wp-content\/uploads\/2025\/10\/Affiche-bal-folk1-900x600.png"},"lodestar-thumbnail-avatar":{"width":100,"height":100,"mime-type":"image\/png","filesize":19851,"url":"https:\/\/mptpetitcharran.fr\/wp-content\/uploads\/2025\/10\/Affiche-bal-folk1-100x100.png"},"lodestar-logo":{"width":283,"height":400,"mime-type":"image\/png","filesize":135747,"url":"https:\/\/mptpetitcharran.fr\/wp-content\/uploads\/2025\/10\/Affiche-bal-folk1-283x400.png"}}},"all_day":false,"start_date":"2025-11-15 18:00:00","start_date_details":{"year":"2025","month":"11","day":"15","hour":"18","minutes":"00","seconds":"00"},"end_date":"2025-11-15 22:00:00","end_date_details":{"year":"2025","month":"11","day":"15","hour":"22","minutes":"00","seconds":"00"},"utc_start_date":"2025-11-15 17:00:00","utc_start_date_details":{"year":"2025","month":"11","day":"15","hour":"17","minutes":"00","seconds":"00"},"utc_end_date":"2025-11-15 21:00:00","utc_end_date_details":{"year":"2025","month":"11","day":"15","hour":"21","minutes":"00","seconds":"00"},"timezone":"UTC+1","timezone_abbr":"UTC+1","cost":"","cost_details":{"currency_symbol":"\u20ac","currency_code":"EUR","currency_position":"prefix","values":[]},"website":"","show_map":true,"show_map_link":true,"hide_from_listings":false,"sticky":false,"featured":false,"categories":[],"tags":[],"venue":[],"organizer":[],"custom_fields":[],"json_ld":{"@context":"http:\/\/schema.org","@type":"Event","name":"Bal Folk \u00e0 Valence \u2013 Maison pour Tous du Petit Charran","description":"&lt;p&gt;Dansez au rythme du Bal Folk \u00e0 Valence ! Soir\u00e9e festive et musicale \u00e0 la Maison pour Tous du Petit Charran.&lt;\/p&gt;\\n","image":"https:\/\/mptpetitcharran.fr\/wp-content\/uploads\/2025\/10\/Affiche-bal-folk1.png","url":"https:\/\/mptpetitcharran.fr\/?tribe_events=bal-folk-valence-novembre","eventAttendanceMode":"https:\/\/schema.org\/OfflineEventAttendanceMode","eventStatus":"https:\/\/schema.org\/EventScheduled","startDate":"2025-11-15T18:00:00+01:00","endDate":"2025-11-15T22:00:00+01:00","performer":"Organization"}}