{"id":6144,"global_id":"mptpetitcharran.fr?id=6144","global_id_lineage":["mptpetitcharran.fr?id=6144"],"author":"1","status":"publish","date":"2025-03-07 12:27:56","date_utc":"2025-03-07 11:27:56","modified":"2025-03-07 12:30:33","modified_utc":"2025-03-07 11:30:33","url":"https:\/\/mptpetitcharran.fr\/?tribe_events=assemblee-generale-maison-pour-tous","rest_url":"https:\/\/mptpetitcharran.fr\/index.php?rest_route=\/tribe\/events\/v1\/events\/6144","title":"Assembl\u00e9e G\u00e9n\u00e9rale \u2013 Participez \u00e0 l\u2019\u00e9volution de votre Maison Pour Tous !","description":"<p data-start=\"439\" data-end=\"599\">Chers adh\u00e9rents, ch\u00e8res adh\u00e9rentes et habitants du quartier, nous vous donnons rendez-vous pour notre <strong data-start=\"564\" data-end=\"595\">Assembl\u00e9e G\u00e9n\u00e9rale annuelle<\/strong> !<\/p>\n<p data-start=\"601\" data-end=\"841\">C\u2019est un moment cl\u00e9 pour <strong data-start=\"626\" data-end=\"650\">d\u00e9couvrir les bilans<\/strong>, les actions men\u00e9es et les projets \u00e0 venir. Mais c\u2019est aussi une <strong data-start=\"716\" data-end=\"741\">opportunit\u00e9 d\u2019\u00e9change<\/strong> : votre voix compte pour faire \u00e9voluer cette <strong data-start=\"787\" data-end=\"807\">Maison Pour Tous<\/strong>, un espace qui vous appartient.<\/p>\n<p data-start=\"843\" data-end=\"989\">\ud83d\udca1 Venez partager vos id\u00e9es, poser vos questions et contribuer \u00e0 la dynamique de notre association.<br data-start=\"942\" data-end=\"945\" \/>Nous comptons sur votre pr\u00e9sence !<\/p>","excerpt":"","slug":"assemblee-generale-maison-pour-tous","image":{"url":"https:\/\/mptpetitcharran.fr\/wp-content\/uploads\/2025\/03\/Assemblee-generale-20251.png","id":6138,"extension":"png","width":1414,"height":2000,"filesize":5382684,"sizes":{"medium":{"width":212,"height":300,"mime-type":"image\/png","filesize":116121,"url":"https:\/\/mptpetitcharran.fr\/wp-content\/uploads\/2025\/03\/Assemblee-generale-20251-212x300.png"},"large":{"width":724,"height":1024,"mime-type":"image\/png","filesize":1218431,"url":"https:\/\/mptpetitcharran.fr\/wp-content\/uploads\/2025\/03\/Assemblee-generale-20251-724x1024.png"},"thumbnail":{"width":150,"height":150,"mime-type":"image\/png","filesize":43965,"url":"https:\/\/mptpetitcharran.fr\/wp-content\/uploads\/2025\/03\/Assemblee-generale-20251-150x150.png"},"medium_large":{"width":768,"height":1086,"mime-type":"image\/png","filesize":1360118,"url":"https:\/\/mptpetitcharran.fr\/wp-content\/uploads\/2025\/03\/Assemblee-generale-20251-768x1086.png"},"1536x1536":{"width":1086,"height":1536,"mime-type":"image\/png","filesize":2487024,"url":"https:\/\/mptpetitcharran.fr\/wp-content\/uploads\/2025\/03\/Assemblee-generale-20251-1086x1536.png"},"lodestar-featured-image":{"width":1414,"height":1200,"mime-type":"image\/png","filesize":2474164,"url":"https:\/\/mptpetitcharran.fr\/wp-content\/uploads\/2025\/03\/Assemblee-generale-20251-1414x1200.png"},"lodestar-featured-archive-image":{"width":700,"height":990,"mime-type":"image\/png","filesize":1142690,"url":"https:\/\/mptpetitcharran.fr\/wp-content\/uploads\/2025\/03\/Assemblee-generale-20251-700x990.png"},"lodestar-portfolio-archive-image":{"width":900,"height":600,"mime-type":"image\/png","filesize":919666,"url":"https:\/\/mptpetitcharran.fr\/wp-content\/uploads\/2025\/03\/Assemblee-generale-20251-900x600.png"},"lodestar-thumbnail-avatar":{"width":100,"height":100,"mime-type":"image\/png","filesize":20694,"url":"https:\/\/mptpetitcharran.fr\/wp-content\/uploads\/2025\/03\/Assemblee-generale-20251-100x100.png"},"lodestar-logo":{"width":283,"height":400,"mime-type":"image\/png","filesize":202830,"url":"https:\/\/mptpetitcharran.fr\/wp-content\/uploads\/2025\/03\/Assemblee-generale-20251-283x400.png"}}},"all_day":false,"start_date":"2025-04-04 18:00:00","start_date_details":{"year":"2025","month":"04","day":"04","hour":"18","minutes":"00","seconds":"00"},"end_date":"2025-04-04 20:00:00","end_date_details":{"year":"2025","month":"04","day":"04","hour":"20","minutes":"00","seconds":"00"},"utc_start_date":"2025-04-04 16:00:00","utc_start_date_details":{"year":"2025","month":"04","day":"04","hour":"16","minutes":"00","seconds":"00"},"utc_end_date":"2025-04-04 18:00:00","utc_end_date_details":{"year":"2025","month":"04","day":"04","hour":"18","minutes":"00","seconds":"00"},"timezone":"UTC+1","timezone_abbr":"UTC+1","cost":"","cost_details":{"currency_symbol":"\u20ac","currency_code":"EUR","currency_position":"prefix","values":[]},"website":"","show_map":true,"show_map_link":true,"hide_from_listings":false,"sticky":false,"featured":false,"categories":[],"tags":[],"venue":{"id":5841,"author":"1","status":"publish","date":"2024-09-13 13:10:35","date_utc":"2024-09-13 12:10:35","modified":"2024-09-13 13:10:35","modified_utc":"2024-09-13 12:10:35","url":"https:\/\/mptpetitcharran.fr\/?tribe_venue=maison-pour-tous-du-petit-charran","venue":"Maison pour tous du Petit Charran","slug":"maison-pour-tous-du-petit-charran","address":"30 Rue Henri Dunant","city":"Valence","country":"France","zip":"26000","phone":"04 75 43 48 52","website":"http:\/\/mptpetitcharran.fr\/","json_ld":{"@type":"Place","name":"Maison pour tous du Petit Charran","description":"","url":"","address":{"@type":"PostalAddress","streetAddress":"30 Rue Henri Dunant","addressLocality":"Valence","postalCode":"26000","addressCountry":"France"},"telephone":"04 75 43 48 52","sameAs":"http:\/\/mptpetitcharran.fr\/"},"show_map":false,"show_map_link":false,"global_id":"mptpetitcharran.fr?id=5841","global_id_lineage":["mptpetitcharran.fr?id=5841"]},"organizer":[{"id":5842,"author":"1","status":"publish","date":"2024-09-13 13:10:36","date_utc":"2024-09-13 12:10:36","modified":"2024-09-13 13:10:36","modified_utc":"2024-09-13 12:10:36","url":"https:\/\/mptpetitcharran.fr\/?tribe_organizer=maison-pour-tous-du-petit-charran","organizer":"Maison pour tous du Petit Charran","slug":"maison-pour-tous-du-petit-charran","website":"http:\/\/mptpetitcharran.fr\/","email":"contact@mptpetitcharran.org","json_ld":{"@type":"Person","name":"Maison pour tous du Petit Charran","description":"","url":"http:\/\/mptpetitcharran.fr\/","telephone":"","email":"co&#110;&#116;&#97;&#99;&#116;&#64;m&#112;&#116;&#112;eti&#116;&#99;&#104;arra&#110;&#46;o&#114;g","sameAs":"http:\/\/mptpetitcharran.fr\/"},"global_id":"mptpetitcharran.fr?id=5842","global_id_lineage":["mptpetitcharran.fr?id=5842"]}],"custom_fields":[],"json_ld":{"@context":"http:\/\/schema.org","@type":"Event","name":"Assembl\u00e9e G\u00e9n\u00e9rale \u2013 Participez \u00e0 l\u2019\u00e9volution de votre Maison Pour Tous !","description":"&lt;p&gt;Chers adh\u00e9rents, ch\u00e8res adh\u00e9rentes et habitants du quartier, nous vous donnons rendez-vous pour notre Assembl\u00e9e G\u00e9n\u00e9rale annuelle ! C\u2019est un moment cl\u00e9 pour d\u00e9couvrir les bilans, les actions men\u00e9es et &hellip; &lt;a href=&quot;https:\/\/mptpetitcharran.fr\/?tribe_events=assemblee-generale-maison-pour-tous&quot; class=&quot;more-link&quot;&gt;Continue reading &lt;span class=&quot;screen-reader-text&quot;&gt;Assembl\u00e9e G\u00e9n\u00e9rale \u2013 Participez \u00e0 l\u2019\u00e9volution de votre Maison Pour Tous !&lt;\/span&gt; &lt;span class=&quot;meta-nav&quot;&gt;&rarr;&lt;\/span&gt;&lt;\/a&gt;&lt;\/p&gt;\\n","image":"https:\/\/mptpetitcharran.fr\/wp-content\/uploads\/2025\/03\/Assemblee-generale-20251.png","url":"https:\/\/mptpetitcharran.fr\/?tribe_events=assemblee-generale-maison-pour-tous","eventAttendanceMode":"https:\/\/schema.org\/OfflineEventAttendanceMode","eventStatus":"https:\/\/schema.org\/EventScheduled","startDate":"2025-04-04T18:00:00+01:00","endDate":"2025-04-04T20:00:00+01:00","location":{"@type":"Place","name":"Maison pour tous du Petit Charran","description":"","url":"","address":{"@type":"PostalAddress","streetAddress":"30 Rue Henri Dunant","addressLocality":"Valence","postalCode":"26000","addressCountry":"France"},"telephone":"04 75 43 48 52","sameAs":"http:\/\/mptpetitcharran.fr\/"},"organizer":{"@type":"Person","name":"Maison pour tous du Petit Charran","description":"","url":"http:\/\/mptpetitcharran.fr\/","telephone":"","email":"&#99;&#111;n&#116;&#97;c&#116;&#64;&#109;&#112;&#116;pe&#116;&#105;t&#99;h&#97;rran&#46;or&#103;","sameAs":"http:\/\/mptpetitcharran.fr\/"},"performer":"Organization"}}