{"id":6127,"global_id":"mptpetitcharran.fr?id=6127","global_id_lineage":["mptpetitcharran.fr?id=6127"],"author":"1","status":"publish","date":"2025-02-25 14:25:34","date_utc":"2025-02-25 13:25:34","modified":"2025-02-25 14:25:34","modified_utc":"2025-02-25 13:25:34","url":"https:\/\/mptpetitcharran.fr\/?tribe_events=apero-creatif-a-la-mpt-petit-charran-11-avril-2025","rest_url":"https:\/\/mptpetitcharran.fr\/index.php?rest_route=\/tribe\/events\/v1\/events\/6127","title":"Ap\u00e9ro Cr\u00e9atif \u00e0 la MPT Petit Charran &#8211; 11 avril 2025","description":"<p data-start=\"183\" data-end=\"626\">Rejoignez-nous pour un <strong data-start=\"206\" data-end=\"223\">Ap\u00e9ro Cr\u00e9atif<\/strong> unique \u00e0 la <strong data-start=\"236\" data-end=\"273\">Maison Pour Tous du Petit Charran<\/strong> ! Ce vendredi 11 avril, \u00e0 partir de 18h, venez passer un moment convivial et artistique avec les artistes <strong data-start=\"380\" data-end=\"397\">Cathy Trapier<\/strong> et <strong data-start=\"401\" data-end=\"419\">Magali Tharaud<\/strong>. Profitez de cette occasion pour \u00e9changer avec elles, d\u00e9couvrir leurs pratiques artistiques et, pourquoi pas, vous initier \u00e0 la cr\u00e9ation en partageant un verre dans une ambiance d\u00e9contract\u00e9e et inspirante !<\/p>\n<p data-start=\"628\" data-end=\"852\">Que vous soyez passionn\u00e9 d&rsquo;art ou simplement curieux, cet ap\u00e9ro cr\u00e9atif est l&rsquo;opportunit\u00e9 de rencontrer d&rsquo;autres amateurs d&rsquo;art, de vous divertir et de stimuler votre cr\u00e9ativit\u00e9 dans une atmosph\u00e8re chaleureuse et conviviale.<\/p>","excerpt":"<p> Venez vivre une exp\u00e9rience cr\u00e9ative et conviviale \u00e0 l&rsquo;Ap\u00e9ro Cr\u00e9atif de la MPT Petit Charran, le vendredi 11 avril 2025. Un moment pour \u00e9changer avec les artistes Cathy Trapier et Magali Tharaud tout en partageant un verre et en cr\u00e9ant ensemble !<\/p>","slug":"apero-creatif-a-la-mpt-petit-charran-11-avril-2025","image":{"url":"https:\/\/mptpetitcharran.fr\/wp-content\/uploads\/2025\/02\/3.png","id":6128,"extension":"png","width":1414,"height":2000,"filesize":2054272,"sizes":{"medium":{"width":212,"height":300,"mime-type":"image\/png","filesize":86900,"url":"https:\/\/mptpetitcharran.fr\/wp-content\/uploads\/2025\/02\/3-212x300.png"},"large":{"width":724,"height":1024,"mime-type":"image\/png","filesize":905119,"url":"https:\/\/mptpetitcharran.fr\/wp-content\/uploads\/2025\/02\/3-724x1024.png"},"thumbnail":{"width":150,"height":150,"mime-type":"image\/png","filesize":41319,"url":"https:\/\/mptpetitcharran.fr\/wp-content\/uploads\/2025\/02\/3-150x150.png"},"medium_large":{"width":768,"height":1086,"mime-type":"image\/png","filesize":1010210,"url":"https:\/\/mptpetitcharran.fr\/wp-content\/uploads\/2025\/02\/3-768x1086.png"},"1536x1536":{"width":1086,"height":1536,"mime-type":"image\/png","filesize":1927939,"url":"https:\/\/mptpetitcharran.fr\/wp-content\/uploads\/2025\/02\/3-1086x1536.png"},"lodestar-featured-image":{"width":1414,"height":1200,"mime-type":"image\/png","filesize":1466459,"url":"https:\/\/mptpetitcharran.fr\/wp-content\/uploads\/2025\/02\/3-1414x1200.png"},"lodestar-featured-archive-image":{"width":700,"height":990,"mime-type":"image\/png","filesize":727299,"url":"https:\/\/mptpetitcharran.fr\/wp-content\/uploads\/2025\/02\/3-700x990.png"},"lodestar-portfolio-archive-image":{"width":900,"height":600,"mime-type":"image\/png","filesize":759744,"url":"https:\/\/mptpetitcharran.fr\/wp-content\/uploads\/2025\/02\/3-900x600.png"},"lodestar-thumbnail-avatar":{"width":100,"height":100,"mime-type":"image\/png","filesize":20704,"url":"https:\/\/mptpetitcharran.fr\/wp-content\/uploads\/2025\/02\/3-100x100.png"},"lodestar-logo":{"width":283,"height":400,"mime-type":"image\/png","filesize":128370,"url":"https:\/\/mptpetitcharran.fr\/wp-content\/uploads\/2025\/02\/3-283x400.png"}}},"all_day":false,"start_date":"2025-04-11 17:30:00","start_date_details":{"year":"2025","month":"04","day":"11","hour":"17","minutes":"30","seconds":"00"},"end_date":"2025-04-11 19:00:00","end_date_details":{"year":"2025","month":"04","day":"11","hour":"19","minutes":"00","seconds":"00"},"utc_start_date":"2025-04-11 15:30:00","utc_start_date_details":{"year":"2025","month":"04","day":"11","hour":"15","minutes":"30","seconds":"00"},"utc_end_date":"2025-04-11 17:00:00","utc_end_date_details":{"year":"2025","month":"04","day":"11","hour":"17","minutes":"00","seconds":"00"},"timezone":"UTC+1","timezone_abbr":"UTC+1","cost":"","cost_details":{"currency_symbol":"","currency_code":"","currency_position":"","values":[]},"website":"","show_map":true,"show_map_link":true,"hide_from_listings":false,"sticky":false,"featured":false,"categories":[],"tags":[{"name":"Finissage","slug":"finissage","term_group":0,"term_taxonomy_id":17,"taxonomy":"post_tag","description":"","parent":0,"count":5,"filter":"raw","id":17,"urls":{"self":"https:\/\/mptpetitcharran.fr\/index.php?rest_route=\/tribe\/events\/v1\/tags\/17","collection":"https:\/\/mptpetitcharran.fr\/index.php?rest_route=\/tribe\/events\/v1\/tags"}}],"venue":{"id":5841,"author":"1","status":"publish","date":"2024-09-13 13:10:35","date_utc":"2024-09-13 12:10:35","modified":"2024-09-13 13:10:35","modified_utc":"2024-09-13 12:10:35","url":"https:\/\/mptpetitcharran.fr\/?tribe_venue=maison-pour-tous-du-petit-charran","venue":"Maison pour tous du Petit Charran","slug":"maison-pour-tous-du-petit-charran","address":"30 Rue Henri Dunant","city":"Valence","country":"France","zip":"26000","phone":"04 75 43 48 52","website":"http:\/\/mptpetitcharran.fr\/","json_ld":{"@type":"Place","name":"Maison pour tous du Petit Charran","description":"","url":"","address":{"@type":"PostalAddress","streetAddress":"30 Rue Henri Dunant","addressLocality":"Valence","postalCode":"26000","addressCountry":"France"},"telephone":"04 75 43 48 52","sameAs":"http:\/\/mptpetitcharran.fr\/"},"show_map":false,"show_map_link":false,"global_id":"mptpetitcharran.fr?id=5841","global_id_lineage":["mptpetitcharran.fr?id=5841"]},"organizer":[{"id":5842,"author":"1","status":"publish","date":"2024-09-13 13:10:36","date_utc":"2024-09-13 12:10:36","modified":"2024-09-13 13:10:36","modified_utc":"2024-09-13 12:10:36","url":"https:\/\/mptpetitcharran.fr\/?tribe_organizer=maison-pour-tous-du-petit-charran","organizer":"Maison pour tous du Petit Charran","slug":"maison-pour-tous-du-petit-charran","website":"http:\/\/mptpetitcharran.fr\/","email":"contact@mptpetitcharran.org","json_ld":{"@type":"Person","name":"Maison pour tous du Petit Charran","description":"","url":"http:\/\/mptpetitcharran.fr\/","telephone":"","email":"co&#110;tact&#64;&#109;&#112;&#116;peti&#116;&#99;&#104;&#97;&#114;ra&#110;&#46;o&#114;g","sameAs":"http:\/\/mptpetitcharran.fr\/"},"global_id":"mptpetitcharran.fr?id=5842","global_id_lineage":["mptpetitcharran.fr?id=5842"]}],"custom_fields":[],"json_ld":{"@context":"http:\/\/schema.org","@type":"Event","name":"Ap\u00e9ro Cr\u00e9atif \u00e0 la MPT Petit Charran &#8211; 11 avril 2025","description":"&lt;p&gt; Venez vivre une exp\u00e9rience cr\u00e9ative et conviviale \u00e0 l\\'Ap\u00e9ro Cr\u00e9atif de la MPT Petit Charran, le vendredi 11 avril 2025. Un moment pour \u00e9changer avec les artistes Cathy Trapier et Magali Tharaud tout en partageant un verre et en cr\u00e9ant ensemble !&lt;\/p&gt;\\n","image":"https:\/\/mptpetitcharran.fr\/wp-content\/uploads\/2025\/02\/3.png","url":"https:\/\/mptpetitcharran.fr\/?tribe_events=apero-creatif-a-la-mpt-petit-charran-11-avril-2025","eventAttendanceMode":"https:\/\/schema.org\/OfflineEventAttendanceMode","eventStatus":"https:\/\/schema.org\/EventScheduled","startDate":"2025-04-11T17:30:00+01:00","endDate":"2025-04-11T19:00:00+01:00","location":{"@type":"Place","name":"Maison pour tous du Petit Charran","description":"","url":"","address":{"@type":"PostalAddress","streetAddress":"30 Rue Henri Dunant","addressLocality":"Valence","postalCode":"26000","addressCountry":"France"},"telephone":"04 75 43 48 52","sameAs":"http:\/\/mptpetitcharran.fr\/"},"organizer":{"@type":"Person","name":"Maison pour tous du Petit Charran","description":"","url":"http:\/\/mptpetitcharran.fr\/","telephone":"","email":"co&#110;t&#97;ct&#64;&#109;&#112;&#116;&#112;e&#116;&#105;&#116;char&#114;an&#46;&#111;r&#103;","sameAs":"http:\/\/mptpetitcharran.fr\/"},"performer":"Organization"}}