{"id":6118,"global_id":"mptpetitcharran.fr?id=6118","global_id_lineage":["mptpetitcharran.fr?id=6118"],"author":"1","status":"publish","date":"2025-02-25 12:15:02","date_utc":"2025-02-25 11:15:02","modified":"2025-02-25 12:15:02","modified_utc":"2025-02-25 11:15:02","url":"https:\/\/mptpetitcharran.fr\/?tribe_events=escapade-en-isere-decouvrez-saint-antoine-labbaye-vinay","rest_url":"https:\/\/mptpetitcharran.fr\/index.php?rest_route=\/tribe\/events\/v1\/events\/6118","title":"Escapade en Is\u00e8re : D\u00e9couvrez Saint-Antoine-l\u2019Abbaye &#038; Vinay","description":"<p data-start=\"99\" data-end=\"223\">Partez pour une <strong data-start=\"115\" data-end=\"136\">journ\u00e9e d\u2019\u00e9vasion<\/strong> entre patrimoine et gourmandise avec la <strong data-start=\"177\" data-end=\"214\">Maison Pour Tous du Petit Charran<\/strong> ! \ud83c\udff0\ud83c\udf30<\/p>\n<p data-start=\"225\" data-end=\"403\">\ud83d\udcc5 <strong data-start=\"228\" data-end=\"248\">Mercredi 26 mars<\/strong>, partez \u00e0 la d\u00e9couverte de <strong data-start=\"276\" data-end=\"302\">Saint-Antoine-l\u2019Abbaye<\/strong>, class\u00e9 parmi les plus beaux villages de France, et de <strong data-start=\"358\" data-end=\"367\">Vinay<\/strong>, capitale de la noix de Grenoble.<\/p>\n<p data-start=\"405\" data-end=\"706\">Au programme :<br data-start=\"419\" data-end=\"422\" \/>\u2728 Visite de <strong data-start=\"434\" data-end=\"460\">Saint-Antoine-l\u2019Abbaye<\/strong>, son patrimoine exceptionnel et son histoire fascinante.<br data-start=\"517\" data-end=\"520\" \/>\ud83e\udd5c <strong data-start=\"523\" data-end=\"545\">Escapade gourmande<\/strong> \u00e0 Vinay, pour d\u00e9couvrir les saveurs locales et les sp\u00e9cialit\u00e9s autour de la noix de Grenoble.<br data-start=\"639\" data-end=\"642\" \/>\ud83e\udd1d Un moment convivial pour partager d\u00e9couvertes et \u00e9changes !<\/p>\n<p data-start=\"708\" data-end=\"797\">\ud83d\udd14 <strong data-start=\"711\" data-end=\"748\">Inscription avant le 11 mars 2025<\/strong><br data-start=\"748\" data-end=\"751\" \/>\ud83d\udccd <strong data-start=\"754\" data-end=\"795\">D\u00e9part depuis la MPT du Petit Charran<\/strong><\/p>\n<p data-start=\"799\" data-end=\"910\">\ud83d\udcde <strong data-start=\"802\" data-end=\"826\">Infos &amp; r\u00e9servations<\/strong> :<br data-start=\"828\" data-end=\"831\" \/>\ud83d\udc49 Mireille Galland \u2013 06.41.97.06.34<br data-start=\"867\" data-end=\"870\" \/>\ud83d\udc49 Jean-Marie Charles \u2013 06.19.76.41.14<\/p>\n<p data-start=\"912\" data-end=\"995\">\ud83d\udeb6\u200d\u2642\ufe0f <strong data-start=\"918\" data-end=\"993\">Ne manquez pas cette belle journ\u00e9e alliant culture et saveurs locales !<\/strong><\/p>","excerpt":"<p>\ud83c\udff0 Histoire &#038; gourmandise en Is\u00e8re : le 26 mars, partez \u00e0 la d\u00e9couverte de Saint-Antoine-l\u2019Abbaye &#038; Vinay avec la MPT du Petit Charran. Une journ\u00e9e riche en d\u00e9couvertes culturelles et saveurs locales ! Inscrivez-vous avant le 11 mars.<\/p>","slug":"escapade-en-isere-decouvrez-saint-antoine-labbaye-vinay","image":{"url":"https:\/\/mptpetitcharran.fr\/wp-content\/uploads\/2025\/02\/Sortie-voyage-1.png","id":6119,"extension":"png","width":1414,"height":2000,"filesize":1865325,"sizes":{"medium":{"width":212,"height":300,"mime-type":"image\/png","filesize":93371,"url":"https:\/\/mptpetitcharran.fr\/wp-content\/uploads\/2025\/02\/Sortie-voyage-1-212x300.png"},"large":{"width":724,"height":1024,"mime-type":"image\/png","filesize":826681,"url":"https:\/\/mptpetitcharran.fr\/wp-content\/uploads\/2025\/02\/Sortie-voyage-1-724x1024.png"},"thumbnail":{"width":150,"height":150,"mime-type":"image\/png","filesize":36515,"url":"https:\/\/mptpetitcharran.fr\/wp-content\/uploads\/2025\/02\/Sortie-voyage-1-150x150.png"},"medium_large":{"width":768,"height":1086,"mime-type":"image\/png","filesize":954634,"url":"https:\/\/mptpetitcharran.fr\/wp-content\/uploads\/2025\/02\/Sortie-voyage-1-768x1086.png"},"1536x1536":{"width":1086,"height":1536,"mime-type":"image\/png","filesize":1742839,"url":"https:\/\/mptpetitcharran.fr\/wp-content\/uploads\/2025\/02\/Sortie-voyage-1-1086x1536.png"},"lodestar-featured-image":{"width":1414,"height":1200,"mime-type":"image\/png","filesize":928897,"url":"https:\/\/mptpetitcharran.fr\/wp-content\/uploads\/2025\/02\/Sortie-voyage-1-1414x1200.png"},"lodestar-featured-archive-image":{"width":700,"height":990,"mime-type":"image\/png","filesize":756041,"url":"https:\/\/mptpetitcharran.fr\/wp-content\/uploads\/2025\/02\/Sortie-voyage-1-700x990.png"},"lodestar-portfolio-archive-image":{"width":900,"height":600,"mime-type":"image\/png","filesize":563776,"url":"https:\/\/mptpetitcharran.fr\/wp-content\/uploads\/2025\/02\/Sortie-voyage-1-900x600.png"},"lodestar-thumbnail-avatar":{"width":100,"height":100,"mime-type":"image\/png","filesize":17604,"url":"https:\/\/mptpetitcharran.fr\/wp-content\/uploads\/2025\/02\/Sortie-voyage-1-100x100.png"},"lodestar-logo":{"width":283,"height":400,"mime-type":"image\/png","filesize":147386,"url":"https:\/\/mptpetitcharran.fr\/wp-content\/uploads\/2025\/02\/Sortie-voyage-1-283x400.png"}}},"all_day":false,"start_date":"2025-03-26 08:00:00","start_date_details":{"year":"2025","month":"03","day":"26","hour":"08","minutes":"00","seconds":"00"},"end_date":"2025-03-26 17:00:00","end_date_details":{"year":"2025","month":"03","day":"26","hour":"17","minutes":"00","seconds":"00"},"utc_start_date":"2025-03-26 07:00:00","utc_start_date_details":{"year":"2025","month":"03","day":"26","hour":"07","minutes":"00","seconds":"00"},"utc_end_date":"2025-03-26 16:00:00","utc_end_date_details":{"year":"2025","month":"03","day":"26","hour":"16","minutes":"00","seconds":"00"},"timezone":"UTC+1","timezone_abbr":"UTC+1","cost":"","cost_details":{"currency_symbol":"","currency_code":"","currency_position":"","values":[]},"website":"","show_map":false,"show_map_link":false,"hide_from_listings":false,"sticky":false,"featured":false,"categories":[],"tags":[{"name":"Voyage \u00e0 la journ\u00e9e","slug":"voyage-a-la-journee","term_group":0,"term_taxonomy_id":26,"taxonomy":"post_tag","description":"","parent":0,"count":1,"filter":"raw","id":26,"urls":{"self":"https:\/\/mptpetitcharran.fr\/index.php?rest_route=\/tribe\/events\/v1\/tags\/26","collection":"https:\/\/mptpetitcharran.fr\/index.php?rest_route=\/tribe\/events\/v1\/tags"}}],"venue":[],"organizer":[{"id":5842,"author":"1","status":"publish","date":"2024-09-13 13:10:36","date_utc":"2024-09-13 12:10:36","modified":"2024-09-13 13:10:36","modified_utc":"2024-09-13 12:10:36","url":"https:\/\/mptpetitcharran.fr\/?tribe_organizer=maison-pour-tous-du-petit-charran","organizer":"Maison pour tous du Petit Charran","slug":"maison-pour-tous-du-petit-charran","website":"http:\/\/mptpetitcharran.fr\/","email":"contact@mptpetitcharran.org","json_ld":{"@type":"Person","name":"Maison pour tous du Petit Charran","description":"","url":"http:\/\/mptpetitcharran.fr\/","telephone":"","email":"&#99;o&#110;t&#97;ct&#64;mptpetitc&#104;&#97;&#114;r&#97;n.&#111;&#114;g","sameAs":"http:\/\/mptpetitcharran.fr\/"},"global_id":"mptpetitcharran.fr?id=5842","global_id_lineage":["mptpetitcharran.fr?id=5842"]}],"custom_fields":[],"json_ld":{"@context":"http:\/\/schema.org","@type":"Event","name":"Escapade en Is\u00e8re : D\u00e9couvrez Saint-Antoine-l\u2019Abbaye &#038; Vinay","description":"&lt;p&gt;\ud83c\udff0 Histoire &amp; gourmandise en Is\u00e8re : le 26 mars, partez \u00e0 la d\u00e9couverte de Saint-Antoine-l\u2019Abbaye &amp; Vinay avec la MPT du Petit Charran. Une journ\u00e9e riche en d\u00e9couvertes culturelles et saveurs locales ! Inscrivez-vous avant le 11 mars.&lt;\/p&gt;\\n","image":"https:\/\/mptpetitcharran.fr\/wp-content\/uploads\/2025\/02\/Sortie-voyage-1.png","url":"https:\/\/mptpetitcharran.fr\/?tribe_events=escapade-en-isere-decouvrez-saint-antoine-labbaye-vinay","eventAttendanceMode":"https:\/\/schema.org\/OfflineEventAttendanceMode","eventStatus":"https:\/\/schema.org\/EventScheduled","startDate":"2025-03-26T08:00:00+01:00","endDate":"2025-03-26T17:00:00+01:00","organizer":{"@type":"Person","name":"Maison pour tous du Petit Charran","description":"","url":"http:\/\/mptpetitcharran.fr\/","telephone":"","email":"&#99;on&#116;&#97;c&#116;&#64;mp&#116;&#112;&#101;ti&#116;&#99;ha&#114;ran&#46;o&#114;&#103;","sameAs":"http:\/\/mptpetitcharran.fr\/"},"performer":"Organization"}}