{"id":6110,"global_id":"mptpetitcharran.fr?id=6110","global_id_lineage":["mptpetitcharran.fr?id=6110"],"author":"1","status":"publish","date":"2025-02-11 12:03:01","date_utc":"2025-02-11 11:03:01","modified":"2025-02-11 12:03:01","modified_utc":"2025-02-11 11:03:01","url":"https:\/\/mptpetitcharran.fr\/?tribe_events=atelier-reparation-velo-2","rest_url":"https:\/\/mptpetitcharran.fr\/index.php?rest_route=\/tribe\/events\/v1\/events\/6110","title":"Atelier r\u00e9paration v\u00e9lo","description":"<p>La MPT du Petit Charran ouvre ses portes aux cyclistes pour un atelier de r\u00e9paration v\u00e9lo collaboratif et convivial. Le jeudi 13 mars, de 16h30 \u00e0 18h30, venez apprendre \u00e0 entretenir votre bicyclette avec les conseils d&rsquo;experts passionn\u00e9s. Un rendez-vous pratique qui allie apprentissage et entraide, pour remettre votre v\u00e9lo en selle !<\/p>","excerpt":"","slug":"atelier-reparation-velo-2","image":{"url":"https:\/\/mptpetitcharran.fr\/wp-content\/uploads\/2025\/02\/ATELIER-REPARATION-VELO.png","id":6111,"extension":"png","width":1414,"height":2000,"filesize":470133,"sizes":{"medium":{"width":212,"height":300,"mime-type":"image\/png","filesize":62156,"url":"https:\/\/mptpetitcharran.fr\/wp-content\/uploads\/2025\/02\/ATELIER-REPARATION-VELO-212x300.png"},"large":{"width":724,"height":1024,"mime-type":"image\/png","filesize":664811,"url":"https:\/\/mptpetitcharran.fr\/wp-content\/uploads\/2025\/02\/ATELIER-REPARATION-VELO-724x1024.png"},"thumbnail":{"width":150,"height":150,"mime-type":"image\/png","filesize":33430,"url":"https:\/\/mptpetitcharran.fr\/wp-content\/uploads\/2025\/02\/ATELIER-REPARATION-VELO-150x150.png"},"medium_large":{"width":768,"height":1086,"mime-type":"image\/png","filesize":784452,"url":"https:\/\/mptpetitcharran.fr\/wp-content\/uploads\/2025\/02\/ATELIER-REPARATION-VELO-768x1086.png"},"1536x1536":{"width":1086,"height":1536,"mime-type":"image\/png","filesize":1511164,"url":"https:\/\/mptpetitcharran.fr\/wp-content\/uploads\/2025\/02\/ATELIER-REPARATION-VELO-1086x1536.png"},"lodestar-featured-image":{"width":1414,"height":1200,"mime-type":"image\/png","filesize":363487,"url":"https:\/\/mptpetitcharran.fr\/wp-content\/uploads\/2025\/02\/ATELIER-REPARATION-VELO-1414x1200.png"},"lodestar-featured-archive-image":{"width":700,"height":990,"mime-type":"image\/png","filesize":505598,"url":"https:\/\/mptpetitcharran.fr\/wp-content\/uploads\/2025\/02\/ATELIER-REPARATION-VELO-700x990.png"},"lodestar-portfolio-archive-image":{"width":900,"height":600,"mime-type":"image\/png","filesize":578007,"url":"https:\/\/mptpetitcharran.fr\/wp-content\/uploads\/2025\/02\/ATELIER-REPARATION-VELO-900x600.png"},"lodestar-thumbnail-avatar":{"width":100,"height":100,"mime-type":"image\/png","filesize":17321,"url":"https:\/\/mptpetitcharran.fr\/wp-content\/uploads\/2025\/02\/ATELIER-REPARATION-VELO-100x100.png"},"lodestar-logo":{"width":283,"height":400,"mime-type":"image\/png","filesize":75487,"url":"https:\/\/mptpetitcharran.fr\/wp-content\/uploads\/2025\/02\/ATELIER-REPARATION-VELO-283x400.png"}}},"all_day":false,"start_date":"2025-03-13 16:30:00","start_date_details":{"year":"2025","month":"03","day":"13","hour":"16","minutes":"30","seconds":"00"},"end_date":"2025-03-13 18:30:00","end_date_details":{"year":"2025","month":"03","day":"13","hour":"18","minutes":"30","seconds":"00"},"utc_start_date":"2025-03-13 15:30:00","utc_start_date_details":{"year":"2025","month":"03","day":"13","hour":"15","minutes":"30","seconds":"00"},"utc_end_date":"2025-03-13 17:30:00","utc_end_date_details":{"year":"2025","month":"03","day":"13","hour":"17","minutes":"30","seconds":"00"},"timezone":"UTC+1","timezone_abbr":"UTC+1","cost":"","cost_details":{"currency_symbol":"","currency_code":"","currency_position":"","values":[]},"website":"","show_map":true,"show_map_link":true,"hide_from_listings":false,"sticky":false,"featured":false,"categories":[],"tags":[{"name":"Ateliers","slug":"ateliers","term_group":0,"term_taxonomy_id":20,"taxonomy":"post_tag","description":"","parent":0,"count":6,"filter":"raw","id":20,"urls":{"self":"https:\/\/mptpetitcharran.fr\/index.php?rest_route=\/tribe\/events\/v1\/tags\/20","collection":"https:\/\/mptpetitcharran.fr\/index.php?rest_route=\/tribe\/events\/v1\/tags"}},{"name":"v\u00e9lo","slug":"velo","term_group":0,"term_taxonomy_id":25,"taxonomy":"post_tag","description":"","parent":0,"count":1,"filter":"raw","id":25,"urls":{"self":"https:\/\/mptpetitcharran.fr\/index.php?rest_route=\/tribe\/events\/v1\/tags\/25","collection":"https:\/\/mptpetitcharran.fr\/index.php?rest_route=\/tribe\/events\/v1\/tags"}}],"venue":{"id":5841,"author":"1","status":"publish","date":"2024-09-13 13:10:35","date_utc":"2024-09-13 12:10:35","modified":"2024-09-13 13:10:35","modified_utc":"2024-09-13 12:10:35","url":"https:\/\/mptpetitcharran.fr\/?tribe_venue=maison-pour-tous-du-petit-charran","venue":"Maison pour tous du Petit Charran","slug":"maison-pour-tous-du-petit-charran","address":"30 Rue Henri Dunant","city":"Valence","country":"France","zip":"26000","phone":"04 75 43 48 52","website":"http:\/\/mptpetitcharran.fr\/","json_ld":{"@type":"Place","name":"Maison pour tous du Petit Charran","description":"","url":"","address":{"@type":"PostalAddress","streetAddress":"30 Rue Henri Dunant","addressLocality":"Valence","postalCode":"26000","addressCountry":"France"},"telephone":"04 75 43 48 52","sameAs":"http:\/\/mptpetitcharran.fr\/"},"show_map":false,"show_map_link":false,"global_id":"mptpetitcharran.fr?id=5841","global_id_lineage":["mptpetitcharran.fr?id=5841"]},"organizer":[{"id":5842,"author":"1","status":"publish","date":"2024-09-13 13:10:36","date_utc":"2024-09-13 12:10:36","modified":"2024-09-13 13:10:36","modified_utc":"2024-09-13 12:10:36","url":"https:\/\/mptpetitcharran.fr\/?tribe_organizer=maison-pour-tous-du-petit-charran","organizer":"Maison pour tous du Petit Charran","slug":"maison-pour-tous-du-petit-charran","website":"http:\/\/mptpetitcharran.fr\/","email":"contact@mptpetitcharran.org","json_ld":{"@type":"Person","name":"Maison pour tous du Petit Charran","description":"","url":"http:\/\/mptpetitcharran.fr\/","telephone":"","email":"co&#110;&#116;&#97;c&#116;&#64;m&#112;tpetitchar&#114;a&#110;&#46;or&#103;","sameAs":"http:\/\/mptpetitcharran.fr\/"},"global_id":"mptpetitcharran.fr?id=5842","global_id_lineage":["mptpetitcharran.fr?id=5842"]}],"custom_fields":[],"json_ld":{"@context":"http:\/\/schema.org","@type":"Event","name":"Atelier r\u00e9paration v\u00e9lo","description":"&lt;p&gt;La MPT du Petit Charran ouvre ses portes aux cyclistes pour un atelier de r\u00e9paration v\u00e9lo collaboratif et convivial. Le jeudi 13 mars, de 16h30 \u00e0 18h30, venez apprendre \u00e0 &hellip; &lt;a href=&quot;https:\/\/mptpetitcharran.fr\/?tribe_events=atelier-reparation-velo-2&quot; class=&quot;more-link&quot;&gt;Continue reading &lt;span class=&quot;screen-reader-text&quot;&gt;Atelier r\u00e9paration v\u00e9lo&lt;\/span&gt; &lt;span class=&quot;meta-nav&quot;&gt;&rarr;&lt;\/span&gt;&lt;\/a&gt;&lt;\/p&gt;\\n","image":"https:\/\/mptpetitcharran.fr\/wp-content\/uploads\/2025\/02\/ATELIER-REPARATION-VELO.png","url":"https:\/\/mptpetitcharran.fr\/?tribe_events=atelier-reparation-velo-2","eventAttendanceMode":"https:\/\/schema.org\/OfflineEventAttendanceMode","eventStatus":"https:\/\/schema.org\/EventScheduled","startDate":"2025-03-13T16:30:00+01:00","endDate":"2025-03-13T18:30:00+01:00","location":{"@type":"Place","name":"Maison pour tous du Petit Charran","description":"","url":"","address":{"@type":"PostalAddress","streetAddress":"30 Rue Henri Dunant","addressLocality":"Valence","postalCode":"26000","addressCountry":"France"},"telephone":"04 75 43 48 52","sameAs":"http:\/\/mptpetitcharran.fr\/"},"organizer":{"@type":"Person","name":"Maison pour tous du Petit Charran","description":"","url":"http:\/\/mptpetitcharran.fr\/","telephone":"","email":"&#99;on&#116;&#97;ct&#64;&#109;p&#116;&#112;etit&#99;&#104;arra&#110;.o&#114;&#103;","sameAs":"http:\/\/mptpetitcharran.fr\/"},"performer":"Organization"}}