{"id":6107,"global_id":"mptpetitcharran.fr?id=6107","global_id_lineage":["mptpetitcharran.fr?id=6107"],"author":"1","status":"publish","date":"2025-02-11 11:52:40","date_utc":"2025-02-11 10:52:40","modified":"2025-02-11 11:52:40","modified_utc":"2025-02-11 10:52:40","url":"https:\/\/mptpetitcharran.fr\/?tribe_events=le-marche-des-creatrices","rest_url":"https:\/\/mptpetitcharran.fr\/index.php?rest_route=\/tribe\/events\/v1\/events\/6107","title":"Le march\u00e9 des cr\u00e9atrices","description":"<p class=\"whitespace-pre-wrap break-words\">Le March\u00e9 des Cr\u00e9atrices s&rsquo;installe \u00e0 la MPT du Petit Charran le 14 mars 2025, de 14h \u00e0 19h Cet \u00e9v\u00e9nement, organis\u00e9 dans le cadre de la Journ\u00e9e des droits de la femme, met en lumi\u00e8re le talent de sept artisanes et cr\u00e9atrices locales : Corinne Larrieu, L&rsquo;Association Solidarit\u00e9s des Amis du Cameroun, Lena Nifanda,\u00a0Lorette Havond, Cathy Trapier, Magali Tharaud et Muriel Barrat.<\/p>\n<p class=\"whitespace-pre-wrap break-words\">Rendez-vous au 30 avenue Henri Dunant, 26000 Valence, pour d\u00e9couvrir leurs cr\u00e9ations uniques et soutenir l&rsquo;artisanat local !<\/p>","excerpt":"<p>Rendez-vous le 14 mars \u00e0 la MPT du Petit Charran pour le March\u00e9 des Cr\u00e9atrices !<br \/>\n7 artisanes talentueuses vous pr\u00e9sentent leurs cr\u00e9ations uniques. De 14h \u00e0 19h, venez d\u00e9couvrir leur savoir-faire et soutenir l&rsquo;artisanat local.<\/p>","slug":"le-marche-des-creatrices","image":{"url":"https:\/\/mptpetitcharran.fr\/wp-content\/uploads\/2025\/02\/marche-des-creatrices-1403.png","id":6108,"extension":"png","width":1587,"height":2245,"filesize":450522,"sizes":{"medium":{"width":212,"height":300,"mime-type":"image\/png","filesize":76258,"url":"https:\/\/mptpetitcharran.fr\/wp-content\/uploads\/2025\/02\/marche-des-creatrices-1403-212x300.png"},"large":{"width":724,"height":1024,"mime-type":"image\/png","filesize":718826,"url":"https:\/\/mptpetitcharran.fr\/wp-content\/uploads\/2025\/02\/marche-des-creatrices-1403-724x1024.png"},"thumbnail":{"width":150,"height":150,"mime-type":"image\/png","filesize":33928,"url":"https:\/\/mptpetitcharran.fr\/wp-content\/uploads\/2025\/02\/marche-des-creatrices-1403-150x150.png"},"medium_large":{"width":768,"height":1086,"mime-type":"image\/png","filesize":592545,"url":"https:\/\/mptpetitcharran.fr\/wp-content\/uploads\/2025\/02\/marche-des-creatrices-1403-768x1086.png"},"1536x1536":{"width":1086,"height":1536,"mime-type":"image\/png","filesize":1453307,"url":"https:\/\/mptpetitcharran.fr\/wp-content\/uploads\/2025\/02\/marche-des-creatrices-1403-1086x1536.png"},"2048x2048":{"width":1448,"height":2048,"mime-type":"image\/png","filesize":2327432,"url":"https:\/\/mptpetitcharran.fr\/wp-content\/uploads\/2025\/02\/marche-des-creatrices-1403-1448x2048.png"},"lodestar-featured-image":{"width":1587,"height":1200,"mime-type":"image\/png","filesize":403299,"url":"https:\/\/mptpetitcharran.fr\/wp-content\/uploads\/2025\/02\/marche-des-creatrices-1403-1587x1200.png"},"lodestar-featured-archive-image":{"width":700,"height":990,"mime-type":"image\/png","filesize":710348,"url":"https:\/\/mptpetitcharran.fr\/wp-content\/uploads\/2025\/02\/marche-des-creatrices-1403-700x990.png"},"lodestar-portfolio-archive-image":{"width":900,"height":600,"mime-type":"image\/png","filesize":542367,"url":"https:\/\/mptpetitcharran.fr\/wp-content\/uploads\/2025\/02\/marche-des-creatrices-1403-900x600.png"},"lodestar-thumbnail-avatar":{"width":100,"height":100,"mime-type":"image\/png","filesize":16993,"url":"https:\/\/mptpetitcharran.fr\/wp-content\/uploads\/2025\/02\/marche-des-creatrices-1403-100x100.png"},"lodestar-logo":{"width":283,"height":400,"mime-type":"image\/png","filesize":131446,"url":"https:\/\/mptpetitcharran.fr\/wp-content\/uploads\/2025\/02\/marche-des-creatrices-1403-283x400.png"}}},"all_day":false,"start_date":"2025-03-14 14:00:00","start_date_details":{"year":"2025","month":"03","day":"14","hour":"14","minutes":"00","seconds":"00"},"end_date":"2025-03-14 19:00:00","end_date_details":{"year":"2025","month":"03","day":"14","hour":"19","minutes":"00","seconds":"00"},"utc_start_date":"2025-03-14 13:00:00","utc_start_date_details":{"year":"2025","month":"03","day":"14","hour":"13","minutes":"00","seconds":"00"},"utc_end_date":"2025-03-14 18:00:00","utc_end_date_details":{"year":"2025","month":"03","day":"14","hour":"18","minutes":"00","seconds":"00"},"timezone":"UTC+1","timezone_abbr":"UTC+1","cost":"","cost_details":{"currency_symbol":"","currency_code":"","currency_position":"","values":[]},"website":"","show_map":true,"show_map_link":true,"hide_from_listings":false,"sticky":false,"featured":false,"categories":[],"tags":[],"venue":{"id":5841,"author":"1","status":"publish","date":"2024-09-13 13:10:35","date_utc":"2024-09-13 12:10:35","modified":"2024-09-13 13:10:35","modified_utc":"2024-09-13 12:10:35","url":"https:\/\/mptpetitcharran.fr\/?tribe_venue=maison-pour-tous-du-petit-charran","venue":"Maison pour tous du Petit Charran","slug":"maison-pour-tous-du-petit-charran","address":"30 Rue Henri Dunant","city":"Valence","country":"France","zip":"26000","phone":"04 75 43 48 52","website":"http:\/\/mptpetitcharran.fr\/","json_ld":{"@type":"Place","name":"Maison pour tous du Petit Charran","description":"","url":"","address":{"@type":"PostalAddress","streetAddress":"30 Rue Henri Dunant","addressLocality":"Valence","postalCode":"26000","addressCountry":"France"},"telephone":"04 75 43 48 52","sameAs":"http:\/\/mptpetitcharran.fr\/"},"show_map":false,"show_map_link":false,"global_id":"mptpetitcharran.fr?id=5841","global_id_lineage":["mptpetitcharran.fr?id=5841"]},"organizer":[{"id":5842,"author":"1","status":"publish","date":"2024-09-13 13:10:36","date_utc":"2024-09-13 12:10:36","modified":"2024-09-13 13:10:36","modified_utc":"2024-09-13 12:10:36","url":"https:\/\/mptpetitcharran.fr\/?tribe_organizer=maison-pour-tous-du-petit-charran","organizer":"Maison pour tous du Petit Charran","slug":"maison-pour-tous-du-petit-charran","website":"http:\/\/mptpetitcharran.fr\/","email":"contact@mptpetitcharran.org","json_ld":{"@type":"Person","name":"Maison pour tous du Petit Charran","description":"","url":"http:\/\/mptpetitcharran.fr\/","telephone":"","email":"&#99;&#111;&#110;&#116;&#97;&#99;&#116;&#64;m&#112;&#116;p&#101;&#116;&#105;t&#99;harr&#97;n&#46;&#111;rg","sameAs":"http:\/\/mptpetitcharran.fr\/"},"global_id":"mptpetitcharran.fr?id=5842","global_id_lineage":["mptpetitcharran.fr?id=5842"]}],"custom_fields":[],"json_ld":{"@context":"http:\/\/schema.org","@type":"Event","name":"Le march\u00e9 des cr\u00e9atrices","description":"&lt;p&gt;Rendez-vous le 14 mars \u00e0 la MPT du Petit Charran pour le March\u00e9 des Cr\u00e9atrices !&lt;br \/&gt;\\n7 artisanes talentueuses vous pr\u00e9sentent leurs cr\u00e9ations uniques. De 14h \u00e0 19h, venez d\u00e9couvrir leur savoir-faire et soutenir l\\'artisanat local.&lt;\/p&gt;\\n","image":"https:\/\/mptpetitcharran.fr\/wp-content\/uploads\/2025\/02\/marche-des-creatrices-1403.png","url":"https:\/\/mptpetitcharran.fr\/?tribe_events=le-marche-des-creatrices","eventAttendanceMode":"https:\/\/schema.org\/OfflineEventAttendanceMode","eventStatus":"https:\/\/schema.org\/EventScheduled","startDate":"2025-03-14T14:00:00+01:00","endDate":"2025-03-14T19:00:00+01:00","location":{"@type":"Place","name":"Maison pour tous du Petit Charran","description":"","url":"","address":{"@type":"PostalAddress","streetAddress":"30 Rue Henri Dunant","addressLocality":"Valence","postalCode":"26000","addressCountry":"France"},"telephone":"04 75 43 48 52","sameAs":"http:\/\/mptpetitcharran.fr\/"},"organizer":{"@type":"Person","name":"Maison pour tous du Petit Charran","description":"","url":"http:\/\/mptpetitcharran.fr\/","telephone":"","email":"&#99;&#111;&#110;&#116;&#97;&#99;t&#64;m&#112;tpe&#116;&#105;&#116;c&#104;ar&#114;&#97;n.o&#114;g","sameAs":"http:\/\/mptpetitcharran.fr\/"},"performer":"Organization"}}