{"id":5984,"global_id":"mptpetitcharran.fr?id=5984","global_id_lineage":["mptpetitcharran.fr?id=5984"],"author":"1","status":"publish","date":"2024-11-12 11:22:41","date_utc":"2024-11-12 10:22:41","modified":"2024-11-12 11:22:41","modified_utc":"2024-11-12 10:22:41","url":"https:\/\/mptpetitcharran.fr\/?tribe_events=10e-edition-forum-jeunesse-en-mouvement","rest_url":"https:\/\/mptpetitcharran.fr\/index.php?rest_route=\/tribe\/events\/v1\/events\/5984","title":"10e \u00e9dition Forum Jeunesse en mouvement","description":"<div class=\"xdj266r x11i5rnm xat24cr x1mh8g0r x1vvkbs x126k92a\">\n<div dir=\"auto\">La Maison de l\u2019Europe\/<span class=\"html-span xdj266r x11i5rnm xat24cr x1mh8g0r xexx8yu x4uap5 x18d9i69 xkhd6sd x1hl2dhg x16tdsg8 x1vvkbs\"><a class=\"x1i10hfl xjbqb8w x1ejq31n xd10rxx x1sy0etr x17r0tee x972fbf xcfux6l x1qhh985 xm0m39n x9f619 x1ypdohk xt0psk2 xe8uvvx xdj266r x11i5rnm xat24cr x1mh8g0r xexx8yu x4uap5 x18d9i69 xkhd6sd x16tdsg8 x1hl2dhg xggy1nq x1a2a7pz x1sur9pj xkrqix3 x1fey0fg xo1l8bm\" tabindex=\"0\" role=\"link\" href=\"https:\/\/www.facebook.com\/europedirect2607?__cft__[0]=AZWqLEDiN-y4oO08pe_Mc0EMSBW48i6K9M_ecca97iQYHjFQ-KUB5rD_ZO-KHgvrpld32HUgadAszJbYUg_DWhSKT4hZOJQLa1zs5MWTgvSyFR8TuTwzo1UgmuxhUd_xMMRy_LlMnndTeGWDhvayItVN&amp;__tn__=-]K-R\" target=\"_blank\" rel=\"noopener\"><span class=\"xt0psk2\">Europe Direct Dr\u00f4me Ard\u00e8che<\/span><\/a><\/span>, Pr\u00e9vention Information Jeunesse de <span class=\"html-span xdj266r x11i5rnm xat24cr x1mh8g0r xexx8yu x4uap5 x18d9i69 xkhd6sd x1hl2dhg x16tdsg8 x1vvkbs\"><a class=\"x1i10hfl xjbqb8w x1ejq31n xd10rxx x1sy0etr x17r0tee x972fbf xcfux6l x1qhh985 xm0m39n x9f619 x1ypdohk xt0psk2 xe8uvvx xdj266r x11i5rnm xat24cr x1mh8g0r xexx8yu x4uap5 x18d9i69 xkhd6sd x16tdsg8 x1hl2dhg xggy1nq x1a2a7pz x1sur9pj xkrqix3 x1fey0fg xo1l8bm\" tabindex=\"0\" role=\"link\" href=\"https:\/\/www.facebook.com\/valenceromansagglo?__cft__[0]=AZWqLEDiN-y4oO08pe_Mc0EMSBW48i6K9M_ecca97iQYHjFQ-KUB5rD_ZO-KHgvrpld32HUgadAszJbYUg_DWhSKT4hZOJQLa1zs5MWTgvSyFR8TuTwzo1UgmuxhUd_xMMRy_LlMnndTeGWDhvayItVN&amp;__tn__=-]K-R\" target=\"_blank\" rel=\"noopener\"><span class=\"xt0psk2\">Valence Romans Agglo<\/span><\/a><\/span> et les partenaires qui accompagnent les jeunes en Dr\u00f4me Ard\u00e8che vous donnent rendez-vous au Forum Jeunesse en Mouvement \u00e0 Valence !<\/div>\n<\/div>\n<div class=\"x11i5rnm xat24cr x1mh8g0r x1vvkbs xtlvy1s x126k92a\">\n<div dir=\"auto\">Vous avez une envie de mobilit\u00e9 ? Besoin de renseignements sur un projet d\u2019engagement ? Vous avez entre 11 et 30 ans?<\/div>\n<\/div>\n<div class=\"x11i5rnm xat24cr x1mh8g0r x1vvkbs xtlvy1s x126k92a\">\n<div dir=\"auto\"><span class=\"html-span xexx8yu x4uap5 x18d9i69 xkhd6sd x1hl2dhg x16tdsg8 x1vvkbs x3nfvp2 x1j61x8r x1fcty0u xdj266r xat24cr xgzva0m xhhsvwb xxymvpz xlup9mm x1kky2od\"><img loading=\"lazy\" decoding=\"async\" class=\"xz74otr\" src=\"https:\/\/static.xx.fbcdn.net\/images\/emoji.php\/v9\/t5c\/1\/16\/1f5d3.png\" alt=\"\ud83d\uddd3\ufe0f\" width=\"16\" height=\"16\" \/><\/span> Les 27 et 28 novembre, venez nous rencontrer au<span class=\"html-span xexx8yu x4uap5 x18d9i69 xkhd6sd x1hl2dhg x16tdsg8 x1vvkbs x3nfvp2 x1j61x8r x1fcty0u xdj266r xat24cr xgzva0m xhhsvwb xxymvpz xlup9mm x1kky2od\"><img loading=\"lazy\" decoding=\"async\" class=\"xz74otr\" src=\"https:\/\/static.xx.fbcdn.net\/images\/emoji.php\/v9\/t2d\/1\/16\/1f4cd.png\" alt=\"\ud83d\udccd\" width=\"16\" height=\"16\" \/><\/span>Palais des Congr\u00e8s et des Expositions Jacques Chirac \u00e0 Valence pour d\u00e9couvrir les dispositifs de mobilit\u00e9 internationale et vous renseigner sur l\u2019engagement local. Sur le Forum, vous retrouverez quatre p\u00f4les th\u00e9matiques pour r\u00e9pondre \u00e0 toutes vos questions :<\/div>\n<div dir=\"auto\"><span class=\"html-span xexx8yu x4uap5 x18d9i69 xkhd6sd x1hl2dhg x16tdsg8 x1vvkbs x3nfvp2 x1j61x8r x1fcty0u xdj266r xat24cr xgzva0m xhhsvwb xxymvpz xlup9mm x1kky2od\"><img loading=\"lazy\" decoding=\"async\" class=\"xz74otr\" src=\"https:\/\/static.xx.fbcdn.net\/images\/emoji.php\/v9\/t7a\/1\/16\/31_20e3.png\" alt=\"1\ufe0f\u20e3\" width=\"16\" height=\"16\" \/><\/span> Je commence par &#8230;<\/div>\n<div dir=\"auto\"><span class=\"html-span xexx8yu x4uap5 x18d9i69 xkhd6sd x1hl2dhg x16tdsg8 x1vvkbs x3nfvp2 x1j61x8r x1fcty0u xdj266r xat24cr xgzva0m xhhsvwb xxymvpz xlup9mm x1kky2od\"><img loading=\"lazy\" decoding=\"async\" class=\"xz74otr\" src=\"https:\/\/static.xx.fbcdn.net\/images\/emoji.php\/v9\/t99\/1\/16\/32_20e3.png\" alt=\"2\ufe0f\u20e3\" width=\"16\" height=\"16\" \/><\/span> Je suis \u00e9l\u00e8ve ou \u00e9tudiant<\/div>\n<div dir=\"auto\"><span class=\"html-span xexx8yu x4uap5 x18d9i69 xkhd6sd x1hl2dhg x16tdsg8 x1vvkbs x3nfvp2 x1j61x8r x1fcty0u xdj266r xat24cr xgzva0m xhhsvwb xxymvpz xlup9mm x1kky2od\"><img loading=\"lazy\" decoding=\"async\" class=\"xz74otr\" src=\"https:\/\/static.xx.fbcdn.net\/images\/emoji.php\/v9\/tb8\/1\/16\/33_20e3.png\" alt=\"3\ufe0f\u20e3\" width=\"16\" height=\"16\" \/><\/span> Je suis en recherche d&#8217;emploi<\/div>\n<div dir=\"auto\"><span class=\"html-span xexx8yu x4uap5 x18d9i69 xkhd6sd x1hl2dhg x16tdsg8 x1vvkbs x3nfvp2 x1j61x8r x1fcty0u xdj266r xat24cr xgzva0m xhhsvwb xxymvpz xlup9mm x1kky2od\"><img loading=\"lazy\" decoding=\"async\" class=\"xz74otr\" src=\"https:\/\/static.xx.fbcdn.net\/images\/emoji.php\/v9\/td7\/1\/16\/34_20e3.png\" alt=\"4\ufe0f\u20e3\" width=\"16\" height=\"16\" \/><\/span> Je m&rsquo;implique ici ou ailleurs<\/div>\n<\/div>\n<div class=\"x11i5rnm xat24cr x1mh8g0r x1vvkbs xtlvy1s x126k92a\">\n<div dir=\"auto\">L\u2019entr\u00e9e au Forum est gratuite, alors aucune raison de le rater ! Ce sera aussi l\u2019occasion d\u2019assister en direct aux \u00e9missions de radio organis\u00e9es sur le forum par @radioblv 93.6 FM<\/div>\n<\/div>\n<div class=\"x11i5rnm xat24cr x1mh8g0r x1vvkbs xtlvy1s x126k92a\">\n<div dir=\"auto\">Le mercredi 27 novembre, ne ratez pas les ateliers th\u00e9matiques et, de 17h \u00e0 18h, venez c\u00e9l\u00e9brer les 10 ans du forum Jeunesse en Mouvement : entre repr\u00e9sentations des jeunes engag\u00e9s du territoire et un buffet convivial pr\u00e9par\u00e9 par @artisansdumondevalence !<\/div>\n<\/div>","excerpt":"","slug":"10e-edition-forum-jeunesse-en-mouvement","image":{"url":"https:\/\/mptpetitcharran.fr\/wp-content\/uploads\/2024\/11\/Affiche-Forrm-Jeunesse-en-Mouvement-Valence-27.28-nov-2024.jpg","id":5983,"extension":"jpg","width":1754,"height":2481,"filesize":1598517,"sizes":{"medium":{"width":212,"height":300,"mime-type":"image\/jpeg","filesize":18424,"url":"https:\/\/mptpetitcharran.fr\/wp-content\/uploads\/2024\/11\/Affiche-Forrm-Jeunesse-en-Mouvement-Valence-27.28-nov-2024-212x300.jpg"},"large":{"width":724,"height":1024,"mime-type":"image\/jpeg","filesize":117083,"url":"https:\/\/mptpetitcharran.fr\/wp-content\/uploads\/2024\/11\/Affiche-Forrm-Jeunesse-en-Mouvement-Valence-27.28-nov-2024-724x1024.jpg"},"thumbnail":{"width":150,"height":150,"mime-type":"image\/jpeg","filesize":7219,"url":"https:\/\/mptpetitcharran.fr\/wp-content\/uploads\/2024\/11\/Affiche-Forrm-Jeunesse-en-Mouvement-Valence-27.28-nov-2024-150x150.jpg"},"medium_large":{"width":768,"height":1086,"mime-type":"image\/jpeg","filesize":129089,"url":"https:\/\/mptpetitcharran.fr\/wp-content\/uploads\/2024\/11\/Affiche-Forrm-Jeunesse-en-Mouvement-Valence-27.28-nov-2024-768x1086.jpg"},"1536x1536":{"width":1086,"height":1536,"mime-type":"image\/jpeg","filesize":213245,"url":"https:\/\/mptpetitcharran.fr\/wp-content\/uploads\/2024\/11\/Affiche-Forrm-Jeunesse-en-Mouvement-Valence-27.28-nov-2024-1086x1536.jpg"},"2048x2048":{"width":1448,"height":2048,"mime-type":"image\/jpeg","filesize":321043,"url":"https:\/\/mptpetitcharran.fr\/wp-content\/uploads\/2024\/11\/Affiche-Forrm-Jeunesse-en-Mouvement-Valence-27.28-nov-2024-1448x2048.jpg"},"lodestar-featured-image":{"width":1754,"height":1200,"mime-type":"image\/jpeg","filesize":198871,"url":"https:\/\/mptpetitcharran.fr\/wp-content\/uploads\/2024\/11\/Affiche-Forrm-Jeunesse-en-Mouvement-Valence-27.28-nov-2024-1754x1200.jpg"},"lodestar-featured-archive-image":{"width":700,"height":990,"mime-type":"image\/jpeg","filesize":110947,"url":"https:\/\/mptpetitcharran.fr\/wp-content\/uploads\/2024\/11\/Affiche-Forrm-Jeunesse-en-Mouvement-Valence-27.28-nov-2024-700x990.jpg"},"lodestar-portfolio-archive-image":{"width":900,"height":600,"mime-type":"image\/jpeg","filesize":67978,"url":"https:\/\/mptpetitcharran.fr\/wp-content\/uploads\/2024\/11\/Affiche-Forrm-Jeunesse-en-Mouvement-Valence-27.28-nov-2024-900x600.jpg"},"lodestar-thumbnail-avatar":{"width":100,"height":100,"mime-type":"image\/jpeg","filesize":4086,"url":"https:\/\/mptpetitcharran.fr\/wp-content\/uploads\/2024\/11\/Affiche-Forrm-Jeunesse-en-Mouvement-Valence-27.28-nov-2024-100x100.jpg"},"lodestar-logo":{"width":283,"height":400,"mime-type":"image\/jpeg","filesize":28664,"url":"https:\/\/mptpetitcharran.fr\/wp-content\/uploads\/2024\/11\/Affiche-Forrm-Jeunesse-en-Mouvement-Valence-27.28-nov-2024-283x400.jpg"}}},"all_day":false,"start_date":"2024-11-27 12:00:00","start_date_details":{"year":"2024","month":"11","day":"27","hour":"12","minutes":"00","seconds":"00"},"end_date":"2024-11-28 16:00:00","end_date_details":{"year":"2024","month":"11","day":"28","hour":"16","minutes":"00","seconds":"00"},"utc_start_date":"2024-11-27 11:00:00","utc_start_date_details":{"year":"2024","month":"11","day":"27","hour":"11","minutes":"00","seconds":"00"},"utc_end_date":"2024-11-28 15:00:00","utc_end_date_details":{"year":"2024","month":"11","day":"28","hour":"15","minutes":"00","seconds":"00"},"timezone":"UTC+1","timezone_abbr":"UTC+1","cost":"","cost_details":{"currency_symbol":"","currency_code":"","currency_position":"","values":[]},"website":"","show_map":true,"show_map_link":true,"hide_from_listings":false,"sticky":false,"featured":false,"categories":[],"tags":[],"venue":{"id":5985,"author":"1","status":"publish","date":"2024-11-12 11:22:41","date_utc":"2024-11-12 10:22:41","modified":"2024-11-12 11:22:41","modified_utc":"2024-11-12 10:22:41","url":"https:\/\/mptpetitcharran.fr\/?tribe_venue=palais-des-congres-et-des-exposition-jacques-chirac","venue":"Palais des Congr\u00e8s et des Exposition Jacques Chirac","slug":"palais-des-congres-et-des-exposition-jacques-chirac","address":"16 Av. Georges Clemenceau","city":"Valence","country":"France","zip":"26000","json_ld":{"@type":"Place","name":"Palais des Congr\u00e8s et des Exposition Jacques Chirac","description":"","url":"","address":{"@type":"PostalAddress","streetAddress":"16 Av. Georges Clemenceau","addressLocality":"Valence","postalCode":"26000","addressCountry":"France"},"telephone":"","sameAs":""},"show_map":false,"show_map_link":false,"global_id":"mptpetitcharran.fr?id=5985","global_id_lineage":["mptpetitcharran.fr?id=5985"]},"organizer":[],"custom_fields":[],"json_ld":{"@context":"http:\/\/schema.org","@type":"Event","name":"10e \u00e9dition Forum Jeunesse en mouvement","description":"&lt;p&gt;La Maison de l\u2019Europe\/Europe Direct Dr\u00f4me Ard\u00e8che, Pr\u00e9vention Information Jeunesse de Valence Romans Agglo et les partenaires qui accompagnent les jeunes en Dr\u00f4me Ard\u00e8che vous donnent rendez-vous au Forum Jeunesse &hellip; &lt;a href=&quot;https:\/\/mptpetitcharran.fr\/?tribe_events=10e-edition-forum-jeunesse-en-mouvement&quot; class=&quot;more-link&quot;&gt;Continue reading &lt;span class=&quot;screen-reader-text&quot;&gt;10e \u00e9dition Forum Jeunesse en mouvement&lt;\/span&gt; &lt;span class=&quot;meta-nav&quot;&gt;&rarr;&lt;\/span&gt;&lt;\/a&gt;&lt;\/p&gt;\\n","image":"https:\/\/mptpetitcharran.fr\/wp-content\/uploads\/2024\/11\/Affiche-Forrm-Jeunesse-en-Mouvement-Valence-27.28-nov-2024.jpg","url":"https:\/\/mptpetitcharran.fr\/?tribe_events=10e-edition-forum-jeunesse-en-mouvement","eventAttendanceMode":"https:\/\/schema.org\/OfflineEventAttendanceMode","eventStatus":"https:\/\/schema.org\/EventScheduled","startDate":"2024-11-27T12:00:00+01:00","endDate":"2024-11-28T16:00:00+01:00","location":{"@type":"Place","name":"Palais des Congr\u00e8s et des Exposition Jacques Chirac","description":"","url":"","address":{"@type":"PostalAddress","streetAddress":"16 Av. Georges Clemenceau","addressLocality":"Valence","postalCode":"26000","addressCountry":"France"},"telephone":"","sameAs":""},"performer":"Organization"}}