{"id":5972,"global_id":"mptpetitcharran.fr?id=5972","global_id_lineage":["mptpetitcharran.fr?id=5972"],"author":"1","status":"publish","date":"2024-10-29 14:41:39","date_utc":"2024-10-29 13:41:39","modified":"2024-11-07 09:52:14","modified_utc":"2024-11-07 08:52:14","url":"https:\/\/mptpetitcharran.fr\/?tribe_events=festisoupe-2","rest_url":"https:\/\/mptpetitcharran.fr\/index.php?rest_route=\/tribe\/events\/v1\/events\/5972","title":"Festi&rsquo;soupe","description":"<p><span data-maileon-wysiwyg=\"true\">Jeudi 28 et samedi 30 novembre 2024, participez \u00e0 cet \u00e9v\u00e9nement festif et engag\u00e9 dans le cadre du <b data-maileon-wysiwyg=\"true\">Festival des Solidarit\u00e9s<\/b>, c\u00e9l\u00e9brant la solidarit\u00e9 et l&rsquo;interculturalit\u00e9 !<br data-maileon-wysiwyg=\"true\" \/><\/span><\/p>\n<ul data-maileon-wysiwyg=\"true\">\n<li data-maileon-wysiwyg=\"true\"><span data-maileon-wysiwyg=\"true\">\u00a0Jeudi 28 novembre \u2013\u00a0 <\/span><span data-maileon-wysiwyg=\"true\"><b data-maileon-wysiwyg=\"true\">Disco&rsquo;Soupe<\/b> : animations ludiques, atelier \u00ab\u00a0Pimp&rsquo; ta soupe\u00a0\u00bb, d\u00e9gustation et vote pour la meilleure soupe !<br data-maileon-wysiwyg=\"true\" \/>Concert live : Musisar et DJ pour une soir\u00e9e festive !<\/span><\/li>\n<li data-maileon-wysiwyg=\"true\"><span data-maileon-wysiwyg=\"true\">Samedi 30 novembre \u2013 <b data-maileon-wysiwyg=\"true\">Festi&rsquo;soupe <\/b>: <\/span><span data-maileon-wysiwyg=\"true\">Concert de \u00ab\u00a0Mandela slament le monde\u00a0\u00bb avec Otimani. Animations interactives et exposition culturelle avec des associations engag\u00e9es. <br data-maileon-wysiwyg=\"true\" \/><\/span><\/li>\n<li data-maileon-wysiwyg=\"true\"><span data-maileon-wysiwyg=\"true\">D\u00e9gustez des soupes du monde entier et votez pour votre pr\u00e9f\u00e9r\u00e9e. <\/span><span data-maileon-wysiwyg=\"true\"><b data-maileon-wysiwyg=\"true\">Qui remportera la Louche d\u2019Or ?<\/b><\/span><\/li>\n<\/ul>\n<p><span data-maileon-wysiwyg=\"true\">\ud83d\udca1 Entr\u00e9e \u00e0 prix libre et conscient. <br data-maileon-wysiwyg=\"true\" \/>Venez partager convivialit\u00e9 et \u00e9changes solidaires !<\/span><\/p>","excerpt":"","slug":"festisoupe-2","image":{"url":"https:\/\/mptpetitcharran.fr\/wp-content\/uploads\/2024\/10\/Affiche-FESTIsol-2024-2.png","id":5978,"extension":"png","width":1414,"height":2000,"filesize":635803,"sizes":{"medium":{"width":212,"height":300,"mime-type":"image\/png","filesize":68897,"url":"https:\/\/mptpetitcharran.fr\/wp-content\/uploads\/2024\/10\/Affiche-FESTIsol-2024-2-212x300.png"},"large":{"width":724,"height":1024,"mime-type":"image\/png","filesize":580811,"url":"https:\/\/mptpetitcharran.fr\/wp-content\/uploads\/2024\/10\/Affiche-FESTIsol-2024-2-724x1024.png"},"thumbnail":{"width":150,"height":150,"mime-type":"image\/png","filesize":33305,"url":"https:\/\/mptpetitcharran.fr\/wp-content\/uploads\/2024\/10\/Affiche-FESTIsol-2024-2-150x150.png"},"medium_large":{"width":768,"height":1086,"mime-type":"image\/png","filesize":696057,"url":"https:\/\/mptpetitcharran.fr\/wp-content\/uploads\/2024\/10\/Affiche-FESTIsol-2024-2-768x1086.png"},"1536x1536":{"width":1086,"height":1536,"mime-type":"image\/png","filesize":1304642,"url":"https:\/\/mptpetitcharran.fr\/wp-content\/uploads\/2024\/10\/Affiche-FESTIsol-2024-2-1086x1536.png"},"lodestar-featured-image":{"width":1414,"height":1200,"mime-type":"image\/png","filesize":480771,"url":"https:\/\/mptpetitcharran.fr\/wp-content\/uploads\/2024\/10\/Affiche-FESTIsol-2024-2-1414x1200.png"},"lodestar-featured-archive-image":{"width":700,"height":990,"mime-type":"image\/png","filesize":531338,"url":"https:\/\/mptpetitcharran.fr\/wp-content\/uploads\/2024\/10\/Affiche-FESTIsol-2024-2-700x990.png"},"lodestar-portfolio-archive-image":{"width":900,"height":600,"mime-type":"image\/png","filesize":459317,"url":"https:\/\/mptpetitcharran.fr\/wp-content\/uploads\/2024\/10\/Affiche-FESTIsol-2024-2-900x600.png"},"lodestar-thumbnail-avatar":{"width":100,"height":100,"mime-type":"image\/png","filesize":16595,"url":"https:\/\/mptpetitcharran.fr\/wp-content\/uploads\/2024\/10\/Affiche-FESTIsol-2024-2-100x100.png"},"lodestar-logo":{"width":283,"height":400,"mime-type":"image\/png","filesize":102754,"url":"https:\/\/mptpetitcharran.fr\/wp-content\/uploads\/2024\/10\/Affiche-FESTIsol-2024-2-283x400.png"}}},"all_day":false,"start_date":"2024-11-30 11:00:00","start_date_details":{"year":"2024","month":"11","day":"30","hour":"11","minutes":"00","seconds":"00"},"end_date":"2024-11-30 14:00:00","end_date_details":{"year":"2024","month":"11","day":"30","hour":"14","minutes":"00","seconds":"00"},"utc_start_date":"2024-11-30 10:00:00","utc_start_date_details":{"year":"2024","month":"11","day":"30","hour":"10","minutes":"00","seconds":"00"},"utc_end_date":"2024-11-30 13:00:00","utc_end_date_details":{"year":"2024","month":"11","day":"30","hour":"13","minutes":"00","seconds":"00"},"timezone":"UTC+1","timezone_abbr":"UTC+1","cost":"","cost_details":{"currency_symbol":"","currency_code":"","currency_position":"","values":[]},"website":"","show_map":true,"show_map_link":true,"hide_from_listings":false,"sticky":false,"featured":false,"categories":[],"tags":[],"venue":{"id":5973,"author":"1","status":"publish","date":"2024-10-29 14:41:39","date_utc":"2024-10-29 13:41:39","modified":"2024-10-29 14:41:39","modified_utc":"2024-10-29 13:41:39","url":"https:\/\/mptpetitcharran.fr\/?tribe_venue=halle-saint-jean","venue":"Halle Saint-Jean","slug":"halle-saint-jean","address":"Halle Saint-Jean","city":"Valence","country":"France","zip":"26000","json_ld":{"@type":"Place","name":"Halle Saint-Jean","description":"","url":"","address":{"@type":"PostalAddress","streetAddress":"Halle Saint-Jean","addressLocality":"Valence","postalCode":"26000","addressCountry":"France"},"telephone":"","sameAs":""},"show_map":false,"show_map_link":false,"global_id":"mptpetitcharran.fr?id=5973","global_id_lineage":["mptpetitcharran.fr?id=5973"]},"organizer":[],"custom_fields":[],"json_ld":{"@context":"http:\/\/schema.org","@type":"Event","name":"Festi&rsquo;soupe","description":"&lt;p&gt;Jeudi 28 et samedi 30 novembre 2024, participez \u00e0 cet \u00e9v\u00e9nement festif et engag\u00e9 dans le cadre du Festival des Solidarit\u00e9s, c\u00e9l\u00e9brant la solidarit\u00e9 et l\\'interculturalit\u00e9 ! \u00a0Jeudi 28 novembre &hellip; &lt;a href=&quot;https:\/\/mptpetitcharran.fr\/?tribe_events=festisoupe-2&quot; class=&quot;more-link&quot;&gt;Continue reading &lt;span class=&quot;screen-reader-text&quot;&gt;Festi&rsquo;soupe&lt;\/span&gt; &lt;span class=&quot;meta-nav&quot;&gt;&rarr;&lt;\/span&gt;&lt;\/a&gt;&lt;\/p&gt;\\n","image":"https:\/\/mptpetitcharran.fr\/wp-content\/uploads\/2024\/10\/Affiche-FESTIsol-2024-2.png","url":"https:\/\/mptpetitcharran.fr\/?tribe_events=festisoupe-2","eventAttendanceMode":"https:\/\/schema.org\/OfflineEventAttendanceMode","eventStatus":"https:\/\/schema.org\/EventScheduled","startDate":"2024-11-30T11:00:00+01:00","endDate":"2024-11-30T14:00:00+01:00","location":{"@type":"Place","name":"Halle Saint-Jean","description":"","url":"","address":{"@type":"PostalAddress","streetAddress":"Halle Saint-Jean","addressLocality":"Valence","postalCode":"26000","addressCountry":"France"},"telephone":"","sameAs":""},"performer":"Organization"}}