{"id":5969,"global_id":"mptpetitcharran.fr?id=5969","global_id_lineage":["mptpetitcharran.fr?id=5969"],"author":"1","status":"publish","date":"2024-10-29 14:36:18","date_utc":"2024-10-29 13:36:18","modified":"2024-10-29 14:36:41","modified_utc":"2024-10-29 13:36:41","url":"https:\/\/mptpetitcharran.fr\/?tribe_events=inscription-accueil-de-loisirs-vacances-de-fin-dannee","rest_url":"https:\/\/mptpetitcharran.fr\/index.php?rest_route=\/tribe\/events\/v1\/events\/5969","title":"Inscription accueil de loisirs | Vacances de fin d&rsquo;ann\u00e9e","description":"<p><span data-maileon-wysiwyg=\"true\">Les inscriptions pour l&rsquo;accueil de loisirs des vacances de fin d&rsquo;ann\u00e9e seront ouvertes \u00e0 partir du \ud835\uddf9\ud835\ude02\ud835\uddfb\ud835\uddf1\ud835\uddf6 <b data-maileon-wysiwyg=\"true\">25 novembre<\/b> \u00e0 \ud835\udfed\ud835\udfef\ud835\uddf5\ud835\udfec\ud835\udfec .<br data-maileon-wysiwyg=\"true\" \/>Sinon, les inscriptions sont possibles<\/span> <span data-maileon-wysiwyg=\"true\">les mardis et mercredis de 14h \u00e0 18h et les jeudi de 9h \u00e0 12h, uniquement sur place avec le dossier complet. Pas d&rsquo;inscription possible par t\u00e9l\u00e9phone.<br data-maileon-wysiwyg=\"true\" \/><\/span><span data-maileon-wysiwyg=\"true\">Le programme est \u00e0 venir !<br data-maileon-wysiwyg=\"true\" \/><\/span><\/p>","excerpt":"","slug":"inscription-accueil-de-loisirs-vacances-de-fin-dannee","image":{"url":"https:\/\/mptpetitcharran.fr\/wp-content\/uploads\/2024\/10\/inscription-des-mercredis.png","id":5970,"extension":"png","width":1414,"height":2000,"filesize":261929,"sizes":{"medium":{"width":212,"height":300,"mime-type":"image\/png","filesize":53331,"url":"https:\/\/mptpetitcharran.fr\/wp-content\/uploads\/2024\/10\/inscription-des-mercredis-212x300.png"},"large":{"width":724,"height":1024,"mime-type":"image\/png","filesize":596010,"url":"https:\/\/mptpetitcharran.fr\/wp-content\/uploads\/2024\/10\/inscription-des-mercredis-724x1024.png"},"thumbnail":{"width":150,"height":150,"mime-type":"image\/png","filesize":25385,"url":"https:\/\/mptpetitcharran.fr\/wp-content\/uploads\/2024\/10\/inscription-des-mercredis-150x150.png"},"medium_large":{"width":768,"height":1086,"mime-type":"image\/png","filesize":673403,"url":"https:\/\/mptpetitcharran.fr\/wp-content\/uploads\/2024\/10\/inscription-des-mercredis-768x1086.png"},"1536x1536":{"width":1086,"height":1536,"mime-type":"image\/png","filesize":1372489,"url":"https:\/\/mptpetitcharran.fr\/wp-content\/uploads\/2024\/10\/inscription-des-mercredis-1086x1536.png"},"lodestar-featured-image":{"width":1414,"height":1200,"mime-type":"image\/png","filesize":214282,"url":"https:\/\/mptpetitcharran.fr\/wp-content\/uploads\/2024\/10\/inscription-des-mercredis-1414x1200.png"},"lodestar-featured-archive-image":{"width":700,"height":990,"mime-type":"image\/png","filesize":406704,"url":"https:\/\/mptpetitcharran.fr\/wp-content\/uploads\/2024\/10\/inscription-des-mercredis-700x990.png"},"lodestar-portfolio-archive-image":{"width":900,"height":600,"mime-type":"image\/png","filesize":427772,"url":"https:\/\/mptpetitcharran.fr\/wp-content\/uploads\/2024\/10\/inscription-des-mercredis-900x600.png"},"lodestar-thumbnail-avatar":{"width":100,"height":100,"mime-type":"image\/png","filesize":13316,"url":"https:\/\/mptpetitcharran.fr\/wp-content\/uploads\/2024\/10\/inscription-des-mercredis-100x100.png"},"lodestar-logo":{"width":283,"height":400,"mime-type":"image\/png","filesize":58856,"url":"https:\/\/mptpetitcharran.fr\/wp-content\/uploads\/2024\/10\/inscription-des-mercredis-283x400.png"}}},"all_day":false,"start_date":"2024-11-25 13:00:00","start_date_details":{"year":"2024","month":"11","day":"25","hour":"13","minutes":"00","seconds":"00"},"end_date":"2024-11-25 17:00:00","end_date_details":{"year":"2024","month":"11","day":"25","hour":"17","minutes":"00","seconds":"00"},"utc_start_date":"2024-11-25 12:00:00","utc_start_date_details":{"year":"2024","month":"11","day":"25","hour":"12","minutes":"00","seconds":"00"},"utc_end_date":"2024-11-25 16:00:00","utc_end_date_details":{"year":"2024","month":"11","day":"25","hour":"16","minutes":"00","seconds":"00"},"timezone":"UTC+1","timezone_abbr":"UTC+1","cost":"","cost_details":{"currency_symbol":"","currency_code":"","currency_position":"","values":[]},"website":"","show_map":true,"show_map_link":true,"hide_from_listings":false,"sticky":false,"featured":false,"categories":[],"tags":[{"name":"Accueil de loisirs","slug":"accueil-de-loisirs","term_group":0,"term_taxonomy_id":12,"taxonomy":"post_tag","description":"","parent":0,"count":5,"filter":"raw","id":12,"urls":{"self":"https:\/\/mptpetitcharran.fr\/index.php?rest_route=\/tribe\/events\/v1\/tags\/12","collection":"https:\/\/mptpetitcharran.fr\/index.php?rest_route=\/tribe\/events\/v1\/tags"}}],"venue":{"id":5841,"author":"1","status":"publish","date":"2024-09-13 13:10:35","date_utc":"2024-09-13 12:10:35","modified":"2024-09-13 13:10:35","modified_utc":"2024-09-13 12:10:35","url":"https:\/\/mptpetitcharran.fr\/?tribe_venue=maison-pour-tous-du-petit-charran","venue":"Maison pour tous du Petit Charran","slug":"maison-pour-tous-du-petit-charran","address":"30 Rue Henri Dunant","city":"Valence","country":"France","zip":"26000","phone":"04 75 43 48 52","website":"http:\/\/mptpetitcharran.fr\/","json_ld":{"@type":"Place","name":"Maison pour tous du Petit Charran","description":"","url":"","address":{"@type":"PostalAddress","streetAddress":"30 Rue Henri Dunant","addressLocality":"Valence","postalCode":"26000","addressCountry":"France"},"telephone":"04 75 43 48 52","sameAs":"http:\/\/mptpetitcharran.fr\/"},"show_map":false,"show_map_link":false,"global_id":"mptpetitcharran.fr?id=5841","global_id_lineage":["mptpetitcharran.fr?id=5841"]},"organizer":[{"id":5842,"author":"1","status":"publish","date":"2024-09-13 13:10:36","date_utc":"2024-09-13 12:10:36","modified":"2024-09-13 13:10:36","modified_utc":"2024-09-13 12:10:36","url":"https:\/\/mptpetitcharran.fr\/?tribe_organizer=maison-pour-tous-du-petit-charran","organizer":"Maison pour tous du Petit Charran","slug":"maison-pour-tous-du-petit-charran","website":"http:\/\/mptpetitcharran.fr\/","email":"contact@mptpetitcharran.org","json_ld":{"@type":"Person","name":"Maison pour tous du Petit Charran","description":"","url":"http:\/\/mptpetitcharran.fr\/","telephone":"","email":"&#99;o&#110;t&#97;c&#116;&#64;&#109;&#112;tp&#101;&#116;i&#116;&#99;&#104;a&#114;&#114;&#97;n&#46;&#111;&#114;&#103;","sameAs":"http:\/\/mptpetitcharran.fr\/"},"global_id":"mptpetitcharran.fr?id=5842","global_id_lineage":["mptpetitcharran.fr?id=5842"]}],"custom_fields":[],"json_ld":{"@context":"http:\/\/schema.org","@type":"Event","name":"Inscription accueil de loisirs | Vacances de fin d&rsquo;ann\u00e9e","description":"&lt;p&gt;Les inscriptions pour l\\'accueil de loisirs des vacances de fin d\\'ann\u00e9e seront ouvertes \u00e0 partir du \ud835\uddf9\ud835\ude02\ud835\uddfb\ud835\uddf1\ud835\uddf6 25 novembre \u00e0 \ud835\udfed\ud835\udfef\ud835\uddf5\ud835\udfec\ud835\udfec .Sinon, les inscriptions sont possibles les mardis et mercredis &hellip; &lt;a href=&quot;https:\/\/mptpetitcharran.fr\/?tribe_events=inscription-accueil-de-loisirs-vacances-de-fin-dannee&quot; class=&quot;more-link&quot;&gt;Continue reading &lt;span class=&quot;screen-reader-text&quot;&gt;Inscription accueil de loisirs | Vacances de fin d&rsquo;ann\u00e9e&lt;\/span&gt; &lt;span class=&quot;meta-nav&quot;&gt;&rarr;&lt;\/span&gt;&lt;\/a&gt;&lt;\/p&gt;\\n","image":"https:\/\/mptpetitcharran.fr\/wp-content\/uploads\/2024\/10\/inscription-des-mercredis.png","url":"https:\/\/mptpetitcharran.fr\/?tribe_events=inscription-accueil-de-loisirs-vacances-de-fin-dannee","eventAttendanceMode":"https:\/\/schema.org\/OfflineEventAttendanceMode","eventStatus":"https:\/\/schema.org\/EventScheduled","startDate":"2024-11-25T13:00:00+01:00","endDate":"2024-11-25T17:00:00+01:00","location":{"@type":"Place","name":"Maison pour tous du Petit Charran","description":"","url":"","address":{"@type":"PostalAddress","streetAddress":"30 Rue Henri Dunant","addressLocality":"Valence","postalCode":"26000","addressCountry":"France"},"telephone":"04 75 43 48 52","sameAs":"http:\/\/mptpetitcharran.fr\/"},"organizer":{"@type":"Person","name":"Maison pour tous du Petit Charran","description":"","url":"http:\/\/mptpetitcharran.fr\/","telephone":"","email":"&#99;&#111;n&#116;a&#99;t&#64;&#109;&#112;&#116;&#112;e&#116;&#105;&#116;&#99;&#104;a&#114;&#114;a&#110;.org","sameAs":"http:\/\/mptpetitcharran.fr\/"},"performer":"Organization"}}