{"id":5949,"global_id":"mptpetitcharran.fr?id=5949","global_id_lineage":["mptpetitcharran.fr?id=5949"],"author":"1","status":"publish","date":"2024-10-17 15:12:22","date_utc":"2024-10-17 14:12:22","modified":"2024-11-07 09:51:42","modified_utc":"2024-11-07 08:51:42","url":"https:\/\/mptpetitcharran.fr\/?tribe_events=festisoupe","rest_url":"https:\/\/mptpetitcharran.fr\/index.php?rest_route=\/tribe\/events\/v1\/events\/5949","title":"Disco&rsquo;soupe","description":"<p>\ud83c\udf89 <strong>Festi&rsquo;Soupe 2024 : C\u00e9l\u00e9brons la Solidarit\u00e9 et l&rsquo;Interculturalit\u00e9 !<\/strong> \ud83c\udf89<\/p>\n<p>Rejoignez-nous du <strong>jeudi 28 au samedi 30 novembre 2024<\/strong> pour le Festi&rsquo;Soupe, dans le cadre du Festival des Solidarit\u00e9s, un \u00e9v\u00e9nement festif et engag\u00e9 plac\u00e9 sous le signe de la <strong>solidarit\u00e9<\/strong> et de l&rsquo;<strong>interculturalit\u00e9<\/strong> !<\/p>\n<p>\ud83c\udf0d <strong>Jeudi 28 novembre<\/strong> \u2013 Partiel Caf\u00e9 \u00c9tudiant (18h \u2013 23h)<\/p>\n<ul>\n<li><strong>Disco&rsquo;Soupe<\/strong> : Ambiance conviviale avec des <strong>animations ludiques<\/strong><\/li>\n<li>Atelier cr\u00e9atif \u00ab\u00a0Pimp&rsquo; ta soupe\u00a0\u00bb et <strong>d\u00e9gustation<\/strong> de soupes originales avec vote pour votre favorite !<\/li>\n<li><strong>Concert live avec <span class=\"OYPEnA font-feature-liga-off font-feature-clig-off font-feature-calt-off text-decoration-none text-strikethrough-none\">Musisar et un DJ :<\/span><\/strong> pour cl\u00f4turer la soir\u00e9e dans une ambiance festive.<\/li>\n<\/ul>\n<p>\ud83e\udd63 <strong>Samedi 30 novembre<\/strong> \u2013 Halle Saint-Jean (11h \u2013 14h)<\/p>\n<ul>\n<li>Venez assister au <strong>concert unique<\/strong> des jeunes talents \u00ab\u00a0Mandela slament le monde\u00a0\u00bb avec Otimani, une performance inspirante qui r\u00e9sonnera autour des th\u00e8mes de la solidarit\u00e9.<\/li>\n<li>D\u00e9couvrez des <strong>animations interactives<\/strong> propos\u00e9es par des associations engag\u00e9es comme <strong>CIMADE<\/strong>, <strong>Artisans du Monde<\/strong>, <strong>ADOS<\/strong>, <strong>MPT<\/strong>, et bien d\u2019autres.<\/li>\n<li>Profitez de l\u2019<strong>exposition<\/strong> qui vous plongera dans la diversit\u00e9 culturelle \u00e0 travers des \u0153uvres engag\u00e9es.<\/li>\n<li>Participez \u00e0 la <strong>d\u00e9gustation de soupes<\/strong> venues des quatre coins du monde, et votez pour votre pr\u00e9f\u00e9r\u00e9e.<\/li>\n<li>Enfin, qui repartira avec la <strong>Louche d\u2019Or<\/strong> ? Assistez \u00e0 la <strong>remise du troph\u00e9e<\/strong> pour la meilleure soupe !<\/li>\n<li>Une <strong>buvette solidaire<\/strong> sera \u00e0 votre disposition pour vous rafra\u00eechir.<\/li>\n<\/ul>\n<p>\ud83d\udca1 L\u2019entr\u00e9e est \u00e0 prix libre et concsient, venez partager un moment de convivialit\u00e9 et d&rsquo;\u00e9changes solidaires !<br \/>\n\ud83d\udccc Plus d&rsquo;infos sur la page Facebook <a href=\"https:\/\/www.facebook.com\/festisol26\"><strong>Festival des Solidarit\u00e9s \u2013 Dr\u00f4me<\/strong>.<\/a><\/p>","excerpt":"","slug":"festisoupe","image":{"url":"https:\/\/mptpetitcharran.fr\/wp-content\/uploads\/2024\/10\/Affiche-FESTIsol-2024-1.png","id":5976,"extension":"png","width":1414,"height":2000,"filesize":635803,"sizes":{"medium":{"width":212,"height":300,"mime-type":"image\/png","filesize":68897,"url":"https:\/\/mptpetitcharran.fr\/wp-content\/uploads\/2024\/10\/Affiche-FESTIsol-2024-1-212x300.png"},"large":{"width":724,"height":1024,"mime-type":"image\/png","filesize":580811,"url":"https:\/\/mptpetitcharran.fr\/wp-content\/uploads\/2024\/10\/Affiche-FESTIsol-2024-1-724x1024.png"},"thumbnail":{"width":150,"height":150,"mime-type":"image\/png","filesize":33305,"url":"https:\/\/mptpetitcharran.fr\/wp-content\/uploads\/2024\/10\/Affiche-FESTIsol-2024-1-150x150.png"},"medium_large":{"width":768,"height":1086,"mime-type":"image\/png","filesize":696057,"url":"https:\/\/mptpetitcharran.fr\/wp-content\/uploads\/2024\/10\/Affiche-FESTIsol-2024-1-768x1086.png"},"1536x1536":{"width":1086,"height":1536,"mime-type":"image\/png","filesize":1304642,"url":"https:\/\/mptpetitcharran.fr\/wp-content\/uploads\/2024\/10\/Affiche-FESTIsol-2024-1-1086x1536.png"},"lodestar-featured-image":{"width":1414,"height":1200,"mime-type":"image\/png","filesize":480771,"url":"https:\/\/mptpetitcharran.fr\/wp-content\/uploads\/2024\/10\/Affiche-FESTIsol-2024-1-1414x1200.png"},"lodestar-featured-archive-image":{"width":700,"height":990,"mime-type":"image\/png","filesize":531338,"url":"https:\/\/mptpetitcharran.fr\/wp-content\/uploads\/2024\/10\/Affiche-FESTIsol-2024-1-700x990.png"},"lodestar-portfolio-archive-image":{"width":900,"height":600,"mime-type":"image\/png","filesize":459317,"url":"https:\/\/mptpetitcharran.fr\/wp-content\/uploads\/2024\/10\/Affiche-FESTIsol-2024-1-900x600.png"},"lodestar-thumbnail-avatar":{"width":100,"height":100,"mime-type":"image\/png","filesize":16595,"url":"https:\/\/mptpetitcharran.fr\/wp-content\/uploads\/2024\/10\/Affiche-FESTIsol-2024-1-100x100.png"},"lodestar-logo":{"width":283,"height":400,"mime-type":"image\/png","filesize":102754,"url":"https:\/\/mptpetitcharran.fr\/wp-content\/uploads\/2024\/10\/Affiche-FESTIsol-2024-1-283x400.png"}}},"all_day":false,"start_date":"2024-11-28 18:00:00","start_date_details":{"year":"2024","month":"11","day":"28","hour":"18","minutes":"00","seconds":"00"},"end_date":"2024-11-28 23:00:00","end_date_details":{"year":"2024","month":"11","day":"28","hour":"23","minutes":"00","seconds":"00"},"utc_start_date":"2024-11-28 17:00:00","utc_start_date_details":{"year":"2024","month":"11","day":"28","hour":"17","minutes":"00","seconds":"00"},"utc_end_date":"2024-11-28 22:00:00","utc_end_date_details":{"year":"2024","month":"11","day":"28","hour":"22","minutes":"00","seconds":"00"},"timezone":"UTC+1","timezone_abbr":"UTC+1","cost":"","cost_details":{"currency_symbol":"","currency_code":"","currency_position":"","values":[]},"website":"","show_map":true,"show_map_link":true,"hide_from_listings":false,"sticky":false,"featured":false,"categories":[],"tags":[],"venue":{"id":5951,"author":"1","status":"publish","date":"2024-10-17 15:12:23","date_utc":"2024-10-17 14:12:23","modified":"2024-10-17 15:12:23","modified_utc":"2024-10-17 14:12:23","url":"https:\/\/mptpetitcharran.fr\/?tribe_venue=le-partiel-cafe-etudiant-5-place-latour-maubourg-26000-valence","venue":"Le Partiel &#8211; Caf\u00e9 \u00e9tudiant, 5 place Latour Maubourg, 26000 Valence","slug":"le-partiel-cafe-etudiant-5-place-latour-maubourg-26000-valence","address":"5 place Latour Maubourg","city":"Valence","country":"France","zip":"26000","phone":"04 26 44 35 08","json_ld":{"@type":"Place","name":"Le Partiel &#8211; Caf\u00e9 \u00e9tudiant, 5 place Latour Maubourg, 26000 Valence","description":"","url":"","address":{"@type":"PostalAddress","streetAddress":"5 place Latour Maubourg","addressLocality":"Valence","postalCode":"26000","addressCountry":"France"},"telephone":"04 26 44 35 08","sameAs":""},"show_map":false,"show_map_link":false,"global_id":"mptpetitcharran.fr?id=5951","global_id_lineage":["mptpetitcharran.fr?id=5951"]},"organizer":[{"id":5842,"author":"1","status":"publish","date":"2024-09-13 13:10:36","date_utc":"2024-09-13 12:10:36","modified":"2024-09-13 13:10:36","modified_utc":"2024-09-13 12:10:36","url":"https:\/\/mptpetitcharran.fr\/?tribe_organizer=maison-pour-tous-du-petit-charran","organizer":"Maison pour tous du Petit Charran","slug":"maison-pour-tous-du-petit-charran","website":"http:\/\/mptpetitcharran.fr\/","email":"contact@mptpetitcharran.org","json_ld":{"@type":"Person","name":"Maison pour tous du Petit Charran","description":"","url":"http:\/\/mptpetitcharran.fr\/","telephone":"","email":"con&#116;ac&#116;&#64;&#109;p&#116;pet&#105;t&#99;h&#97;rra&#110;.&#111;rg","sameAs":"http:\/\/mptpetitcharran.fr\/"},"global_id":"mptpetitcharran.fr?id=5842","global_id_lineage":["mptpetitcharran.fr?id=5842"]}],"custom_fields":[],"json_ld":{"@context":"http:\/\/schema.org","@type":"Event","name":"Disco&rsquo;soupe","description":"&lt;p&gt;\ud83c\udf89 Festi\\'Soupe 2024 : C\u00e9l\u00e9brons la Solidarit\u00e9 et l\\'Interculturalit\u00e9 ! \ud83c\udf89 Rejoignez-nous du jeudi 28 au samedi 30 novembre 2024 pour le Festi\\'Soupe, dans le cadre du Festival des Solidarit\u00e9s, &hellip; &lt;a href=&quot;https:\/\/mptpetitcharran.fr\/?tribe_events=festisoupe&quot; class=&quot;more-link&quot;&gt;Continue reading &lt;span class=&quot;screen-reader-text&quot;&gt;Disco&rsquo;soupe&lt;\/span&gt; &lt;span class=&quot;meta-nav&quot;&gt;&rarr;&lt;\/span&gt;&lt;\/a&gt;&lt;\/p&gt;\\n","image":"https:\/\/mptpetitcharran.fr\/wp-content\/uploads\/2024\/10\/Affiche-FESTIsol-2024-1.png","url":"https:\/\/mptpetitcharran.fr\/?tribe_events=festisoupe","eventAttendanceMode":"https:\/\/schema.org\/OfflineEventAttendanceMode","eventStatus":"https:\/\/schema.org\/EventScheduled","startDate":"2024-11-28T18:00:00+01:00","endDate":"2024-11-28T23:00:00+01:00","location":{"@type":"Place","name":"Le Partiel &#8211; Caf\u00e9 \u00e9tudiant, 5 place Latour Maubourg, 26000 Valence","description":"","url":"","address":{"@type":"PostalAddress","streetAddress":"5 place Latour Maubourg","addressLocality":"Valence","postalCode":"26000","addressCountry":"France"},"telephone":"04 26 44 35 08","sameAs":""},"organizer":{"@type":"Person","name":"Maison pour tous du Petit Charran","description":"","url":"http:\/\/mptpetitcharran.fr\/","telephone":"","email":"&#99;o&#110;t&#97;ct&#64;mpt&#112;e&#116;&#105;&#116;ch&#97;&#114;&#114;an&#46;or&#103;","sameAs":"http:\/\/mptpetitcharran.fr\/"},"performer":"Organization"}}