{"id":5853,"global_id":"mptpetitcharran.fr?id=5853","global_id_lineage":["mptpetitcharran.fr?id=5853"],"author":"1","status":"publish","date":"2024-09-17 11:34:13","date_utc":"2024-09-17 10:34:13","modified":"2024-09-17 11:34:13","modified_utc":"2024-09-17 10:34:13","url":"https:\/\/mptpetitcharran.fr\/?tribe_events=journee-culturelle-avec-lassociation-solidarite-des-amis-du-cameroun","rest_url":"https:\/\/mptpetitcharran.fr\/index.php?rest_route=\/tribe\/events\/v1\/events\/5853","title":"Journ\u00e9e Culturelle avec L&rsquo;Association Solidarit\u00e9 des Amis du Cameroun","description":"<p><span class=\"x193iq5w xeuugli x13faqbe x1vvkbs x1xmvt09 x1lliihq x1s928wv xhkezso x1gmr53x x1cpjm7i x1fgarty x1943h6x xudqn12 x3x7a5m x1f6kntn xvq8zen xo1l8bm xzsf02u\" dir=\"auto\">Journ\u00e9e Culturelle avec L&rsquo;Association Solidarit\u00e9 des Amis du Cameroun (<span class=\"html-span xdj266r x11i5rnm xat24cr x1mh8g0r xexx8yu x4uap5 x18d9i69 xkhd6sd x1hl2dhg x16tdsg8 x1vvkbs\"><a class=\"x1i10hfl xjbqb8w x1ejq31n xd10rxx x1sy0etr x17r0tee x972fbf xcfux6l x1qhh985 xm0m39n x9f619 x1ypdohk xt0psk2 xe8uvvx xdj266r x11i5rnm xat24cr x1mh8g0r xexx8yu x4uap5 x18d9i69 xkhd6sd x16tdsg8 x1hl2dhg xggy1nq x1a2a7pz x1sur9pj xkrqix3 xzsf02u x1s688f\" tabindex=\"0\" role=\"link\" href=\"https:\/\/www.facebook.com\/solidarite.dromeardeche?__tn__=-]K*F\"><span class=\"xt0psk2\">Solidarite Dr\u00f4me-Ard\u00e8che<\/span><\/a><\/span>) \u00e0 la MPT du Petit Charran <span class=\"html-span xexx8yu x4uap5 x18d9i69 xkhd6sd x1hl2dhg x16tdsg8 x1vvkbs x3nfvp2 x1j61x8r x1fcty0u xdj266r xat24cr xgzva0m xhhsvwb xxymvpz xlup9mm x1kky2od\"><img loading=\"lazy\" decoding=\"async\" class=\"xz74otr\" src=\"https:\/\/static.xx.fbcdn.net\/images\/emoji.php\/v9\/t3f\/1\/16\/1f30d.png\" alt=\"\ud83c\udf0d\" width=\"16\" height=\"16\" \/><\/span><br class=\"html-br\" \/>Le samedi 21 septembre 2024, d\u00e8s 15h, rejoignez-nous pour c\u00e9l\u00e9brer la diversit\u00e9 culturelle avec l\u2019Association Solidarit\u00e9 des Amis du Cameroun (ASAC) ! <span class=\"html-span xexx8yu x4uap5 x18d9i69 xkhd6sd x1hl2dhg x16tdsg8 x1vvkbs x3nfvp2 x1j61x8r x1fcty0u xdj266r xat24cr xgzva0m xhhsvwb xxymvpz xlup9mm x1kky2od\"><img loading=\"lazy\" decoding=\"async\" class=\"xz74otr\" src=\"https:\/\/static.xx.fbcdn.net\/images\/emoji.php\/v9\/t8c\/1\/16\/1f389.png\" alt=\"\ud83c\udf89\" width=\"16\" height=\"16\" \/><\/span> Une journ\u00e9e pleine de d\u00e9couvertes, de partage et de convivialit\u00e9 vous attend !<br class=\"html-br\" \/><br class=\"html-br\" \/>Au programme :<br class=\"html-br\" \/><span class=\"html-span xexx8yu x4uap5 x18d9i69 xkhd6sd x1hl2dhg x16tdsg8 x1vvkbs x3nfvp2 x1j61x8r x1fcty0u xdj266r xat24cr xgzva0m xhhsvwb xxymvpz xlup9mm x1kky2od\"><img loading=\"lazy\" decoding=\"async\" class=\"xz74otr\" src=\"https:\/\/static.xx.fbcdn.net\/images\/emoji.php\/v9\/taa\/1\/16\/1f552.png\" alt=\"\ud83d\udd52\" width=\"16\" height=\"16\" \/><\/span> 15h : Ouverture des stands (exposition, tresses africaines, tombola, atelier de couture, cuisine orientale) et contes franco-camerounais \u00e0 16h.<br class=\"html-br\" \/><span class=\"html-span xexx8yu x4uap5 x18d9i69 xkhd6sd x1hl2dhg x16tdsg8 x1vvkbs x3nfvp2 x1j61x8r x1fcty0u xdj266r xat24cr xgzva0m xhhsvwb xxymvpz xlup9mm x1kky2od\"><img loading=\"lazy\" decoding=\"async\" class=\"xz74otr\" src=\"https:\/\/static.xx.fbcdn.net\/images\/emoji.php\/v9\/tc8\/1\/16\/1f561.png\" alt=\"\ud83d\udd61\" width=\"16\" height=\"16\" \/><\/span> 18h30 &#8211; 19h30 : Conf\u00e9rence-d\u00e9bat \u00ab Vivre Ensemble \u00bb avec des intervenants prestigieux.<br class=\"html-br\" \/><span class=\"html-span xexx8yu x4uap5 x18d9i69 xkhd6sd x1hl2dhg x16tdsg8 x1vvkbs x3nfvp2 x1j61x8r x1fcty0u xdj266r xat24cr xgzva0m xhhsvwb xxymvpz xlup9mm x1kky2od\"><img loading=\"lazy\" decoding=\"async\" class=\"xz74otr\" src=\"https:\/\/static.xx.fbcdn.net\/images\/emoji.php\/v9\/tc7\/1\/16\/1f483.png\" alt=\"\ud83d\udc83\" width=\"16\" height=\"16\" \/><\/span> 19h30 &#8211; 20h : Spectacle de danse avec le groupe ADAMA.<br class=\"html-br\" \/><span class=\"html-span xexx8yu x4uap5 x18d9i69 xkhd6sd x1hl2dhg x16tdsg8 x1vvkbs x3nfvp2 x1j61x8r x1fcty0u xdj266r xat24cr xgzva0m xhhsvwb xxymvpz xlup9mm x1kky2od\"><img loading=\"lazy\" decoding=\"async\" class=\"xz74otr\" src=\"https:\/\/static.xx.fbcdn.net\/images\/emoji.php\/v9\/t68\/1\/16\/1f374.png\" alt=\"\ud83c\udf74\" width=\"16\" height=\"16\" \/><\/span> 20h : Repas caritatif avec des sp\u00e9cialit\u00e9s camerounaises (12\u20ac) pour soutenir des dons au Cameroun.<br class=\"html-br\" \/><span class=\"html-span xexx8yu x4uap5 x18d9i69 xkhd6sd x1hl2dhg x16tdsg8 x1vvkbs x3nfvp2 x1j61x8r x1fcty0u xdj266r xat24cr xgzva0m xhhsvwb xxymvpz xlup9mm x1kky2od\"><img loading=\"lazy\" decoding=\"async\" class=\"xz74otr\" src=\"https:\/\/static.xx.fbcdn.net\/images\/emoji.php\/v9\/t1f\/1\/16\/1f3b6.png\" alt=\"\ud83c\udfb6\" width=\"16\" height=\"16\" \/><\/span> 21h &#8211; 01h : Soir\u00e9e dansante avec animations musicales Franco-Camerounaises ! <span class=\"html-span xexx8yu x4uap5 x18d9i69 xkhd6sd x1hl2dhg x16tdsg8 x1vvkbs x3nfvp2 x1j61x8r x1fcty0u xdj266r xat24cr xgzva0m xhhsvwb xxymvpz xlup9mm x1kky2od\"><img loading=\"lazy\" decoding=\"async\" class=\"xz74otr\" src=\"https:\/\/static.xx.fbcdn.net\/images\/emoji.php\/v9\/t8c\/1\/16\/1f389.png\" alt=\"\ud83c\udf89\" width=\"16\" height=\"16\" \/><\/span><br class=\"html-br\" \/><br class=\"html-br\" \/><span class=\"html-span xexx8yu x4uap5 x18d9i69 xkhd6sd x1hl2dhg x16tdsg8 x1vvkbs x3nfvp2 x1j61x8r x1fcty0u xdj266r xat24cr xgzva0m xhhsvwb xxymvpz xlup9mm x1kky2od\"><img loading=\"lazy\" decoding=\"async\" class=\"xz74otr\" src=\"https:\/\/static.xx.fbcdn.net\/images\/emoji.php\/v9\/t2d\/1\/16\/1f4cd.png\" alt=\"\ud83d\udccd\" width=\"16\" height=\"16\" \/><\/span> Lieu : MPT du Petit Charran, Valence<br class=\"html-br\" \/>R\u00e9servez d\u00e8s maintenant pour le repas caritatif :<br class=\"html-br\" \/><span class=\"html-span xexx8yu x4uap5 x18d9i69 xkhd6sd x1hl2dhg x16tdsg8 x1vvkbs x3nfvp2 x1j61x8r x1fcty0u xdj266r xat24cr xgzva0m xhhsvwb xxymvpz xlup9mm x1kky2od\"><img loading=\"lazy\" decoding=\"async\" class=\"xz74otr\" src=\"https:\/\/static.xx.fbcdn.net\/images\/emoji.php\/v9\/tbe\/1\/16\/1f4e7.png\" alt=\"\ud83d\udce7\" width=\"16\" height=\"16\" \/><\/span> Email : solidaritecamer26@gmail.com<br class=\"html-br\" \/><span class=\"html-span xexx8yu x4uap5 x18d9i69 xkhd6sd x1hl2dhg x16tdsg8 x1vvkbs x3nfvp2 x1j61x8r x1fcty0u xdj266r xat24cr xgzva0m xhhsvwb xxymvpz xlup9mm x1kky2od\"><img loading=\"lazy\" decoding=\"async\" class=\"xz74otr\" src=\"https:\/\/static.xx.fbcdn.net\/images\/emoji.php\/v9\/t4d\/1\/16\/1f4de.png\" alt=\"\ud83d\udcde\" width=\"16\" height=\"16\" \/><\/span> T\u00e9l\u00e9phone : 06 41 51 33 69 ou 06 37 86 60 62<br class=\"html-br\" \/><br class=\"html-br\" \/>Venez nombreux partager un moment de solidarit\u00e9, de f\u00eate, et de d\u00e9couvertes culturelles ! <span class=\"html-span xexx8yu x4uap5 x18d9i69 xkhd6sd x1hl2dhg x16tdsg8 x1vvkbs x3nfvp2 x1j61x8r x1fcty0u xdj266r xat24cr xgzva0m xhhsvwb xxymvpz xlup9mm x1kky2od\"><img loading=\"lazy\" decoding=\"async\" class=\"xz74otr\" src=\"https:\/\/static.xx.fbcdn.net\/images\/emoji.php\/v9\/t64\/1\/16\/1f91d.png\" alt=\"\ud83e\udd1d\" width=\"16\" height=\"16\" \/><\/span><\/span><\/p>","excerpt":"","slug":"journee-culturelle-avec-lassociation-solidarite-des-amis-du-cameroun","image":{"url":"https:\/\/mptpetitcharran.fr\/wp-content\/uploads\/2024\/08\/Journee-culturelle-de-lasac1.png","id":5766,"extension":"png","width":1587,"height":2245,"filesize":930662,"sizes":{"medium":{"width":212,"height":300,"mime-type":"image\/png","filesize":94626,"url":"https:\/\/mptpetitcharran.fr\/wp-content\/uploads\/2024\/08\/Journee-culturelle-de-lasac1-212x300.png"},"large":{"width":724,"height":1024,"mime-type":"image\/png","filesize":866646,"url":"https:\/\/mptpetitcharran.fr\/wp-content\/uploads\/2024\/08\/Journee-culturelle-de-lasac1-724x1024.png"},"thumbnail":{"width":150,"height":150,"mime-type":"image\/png","filesize":33422,"url":"https:\/\/mptpetitcharran.fr\/wp-content\/uploads\/2024\/08\/Journee-culturelle-de-lasac1-150x150.png"},"medium_large":{"width":768,"height":1086,"mime-type":"image\/png","filesize":750907,"url":"https:\/\/mptpetitcharran.fr\/wp-content\/uploads\/2024\/08\/Journee-culturelle-de-lasac1-768x1086.png"},"1536x1536":{"width":1086,"height":1536,"mime-type":"image\/png","filesize":1692397,"url":"https:\/\/mptpetitcharran.fr\/wp-content\/uploads\/2024\/08\/Journee-culturelle-de-lasac1-1086x1536.png"},"2048x2048":{"width":1448,"height":2048,"mime-type":"image\/png","filesize":2887241,"url":"https:\/\/mptpetitcharran.fr\/wp-content\/uploads\/2024\/08\/Journee-culturelle-de-lasac1-1448x2048.png"},"lodestar-featured-image":{"width":1587,"height":1200,"mime-type":"image\/png","filesize":384658,"url":"https:\/\/mptpetitcharran.fr\/wp-content\/uploads\/2024\/08\/Journee-culturelle-de-lasac1-1587x1200.png"},"lodestar-featured-archive-image":{"width":700,"height":990,"mime-type":"image\/png","filesize":834927,"url":"https:\/\/mptpetitcharran.fr\/wp-content\/uploads\/2024\/08\/Journee-culturelle-de-lasac1-700x990.png"},"lodestar-portfolio-archive-image":{"width":900,"height":600,"mime-type":"image\/png","filesize":564907,"url":"https:\/\/mptpetitcharran.fr\/wp-content\/uploads\/2024\/08\/Journee-culturelle-de-lasac1-900x600.png"},"lodestar-thumbnail-avatar":{"width":100,"height":100,"mime-type":"image\/png","filesize":16520,"url":"https:\/\/mptpetitcharran.fr\/wp-content\/uploads\/2024\/08\/Journee-culturelle-de-lasac1-100x100.png"},"lodestar-logo":{"width":283,"height":400,"mime-type":"image\/png","filesize":161407,"url":"https:\/\/mptpetitcharran.fr\/wp-content\/uploads\/2024\/08\/Journee-culturelle-de-lasac1-283x400.png"}}},"all_day":false,"start_date":"2024-09-21 15:00:00","start_date_details":{"year":"2024","month":"09","day":"21","hour":"15","minutes":"00","seconds":"00"},"end_date":"2024-09-21 23:30:00","end_date_details":{"year":"2024","month":"09","day":"21","hour":"23","minutes":"30","seconds":"00"},"utc_start_date":"2024-09-21 13:00:00","utc_start_date_details":{"year":"2024","month":"09","day":"21","hour":"13","minutes":"00","seconds":"00"},"utc_end_date":"2024-09-21 21:30:00","utc_end_date_details":{"year":"2024","month":"09","day":"21","hour":"21","minutes":"30","seconds":"00"},"timezone":"UTC+1","timezone_abbr":"UTC+1","cost":"","cost_details":{"currency_symbol":"","currency_code":"","currency_position":"","values":[]},"website":"","show_map":true,"show_map_link":true,"hide_from_listings":false,"sticky":false,"featured":false,"categories":[],"tags":[],"venue":{"id":5841,"author":"1","status":"publish","date":"2024-09-13 13:10:35","date_utc":"2024-09-13 12:10:35","modified":"2024-09-13 13:10:35","modified_utc":"2024-09-13 12:10:35","url":"https:\/\/mptpetitcharran.fr\/?tribe_venue=maison-pour-tous-du-petit-charran","venue":"Maison pour tous du Petit Charran","slug":"maison-pour-tous-du-petit-charran","address":"30 Rue Henri Dunant","city":"Valence","country":"France","zip":"26000","phone":"04 75 43 48 52","website":"http:\/\/mptpetitcharran.fr\/","json_ld":{"@type":"Place","name":"Maison pour tous du Petit Charran","description":"","url":"","address":{"@type":"PostalAddress","streetAddress":"30 Rue Henri Dunant","addressLocality":"Valence","postalCode":"26000","addressCountry":"France"},"telephone":"04 75 43 48 52","sameAs":"http:\/\/mptpetitcharran.fr\/"},"show_map":false,"show_map_link":false,"global_id":"mptpetitcharran.fr?id=5841","global_id_lineage":["mptpetitcharran.fr?id=5841"]},"organizer":[{"id":5854,"author":"1","status":"publish","date":"2024-09-17 11:34:14","date_utc":"2024-09-17 10:34:14","modified":"2024-09-17 11:34:14","modified_utc":"2024-09-17 10:34:14","url":"https:\/\/mptpetitcharran.fr\/?tribe_organizer=association-asac","organizer":"Association ASAC","slug":"association-asac","phone":"06 41 51 33 69","website":"https:\/\/www.facebook.com\/solidarite.dromeardeche?comment_id=Y29tbWVudDo1Mzg1MTQzNDU1Mjg5MjdfMTkzNjU0NzEzMzUxMTk2NA","email":"olidaritecamer26@gmail.com","json_ld":{"@type":"Person","name":"Association ASAC","description":"","url":"https:\/\/www.facebook.com\/solidarite.dromeardeche?comment_id=Y29tbWVudDo1Mzg1MTQzNDU1Mjg5MjdfMTkzNjU0NzEzMzUxMTk2NA","telephone":"06 41 51 33 69","email":"olida&#114;it&#101;c&#97;mer2&#54;&#64;g&#109;&#97;il&#46;c&#111;&#109;","sameAs":"https:\/\/www.facebook.com\/solidarite.dromeardeche?comment_id=Y29tbWVudDo1Mzg1MTQzNDU1Mjg5MjdfMTkzNjU0NzEzMzUxMTk2NA"},"global_id":"mptpetitcharran.fr?id=5854","global_id_lineage":["mptpetitcharran.fr?id=5854"]}],"custom_fields":[],"json_ld":{"@context":"http:\/\/schema.org","@type":"Event","name":"Journ\u00e9e Culturelle avec L&rsquo;Association Solidarit\u00e9 des Amis du Cameroun","description":"&lt;p&gt;Journ\u00e9e Culturelle avec L\\'Association Solidarit\u00e9 des Amis du Cameroun (Solidarite Dr\u00f4me-Ard\u00e8che) \u00e0 la MPT du Petit Charran Le samedi 21 septembre 2024, d\u00e8s 15h, rejoignez-nous pour c\u00e9l\u00e9brer la diversit\u00e9 culturelle &hellip; &lt;a href=&quot;https:\/\/mptpetitcharran.fr\/?tribe_events=journee-culturelle-avec-lassociation-solidarite-des-amis-du-cameroun&quot; class=&quot;more-link&quot;&gt;Continue reading &lt;span class=&quot;screen-reader-text&quot;&gt;Journ\u00e9e Culturelle avec L&rsquo;Association Solidarit\u00e9 des Amis du Cameroun&lt;\/span&gt; &lt;span class=&quot;meta-nav&quot;&gt;&rarr;&lt;\/span&gt;&lt;\/a&gt;&lt;\/p&gt;\\n","image":"https:\/\/mptpetitcharran.fr\/wp-content\/uploads\/2024\/08\/Journee-culturelle-de-lasac1.png","url":"https:\/\/mptpetitcharran.fr\/?tribe_events=journee-culturelle-avec-lassociation-solidarite-des-amis-du-cameroun","eventAttendanceMode":"https:\/\/schema.org\/OfflineEventAttendanceMode","eventStatus":"https:\/\/schema.org\/EventScheduled","startDate":"2024-09-21T15:00:00+01:00","endDate":"2024-09-21T23:30:00+01:00","location":{"@type":"Place","name":"Maison pour tous du Petit Charran","description":"","url":"","address":{"@type":"PostalAddress","streetAddress":"30 Rue Henri Dunant","addressLocality":"Valence","postalCode":"26000","addressCountry":"France"},"telephone":"04 75 43 48 52","sameAs":"http:\/\/mptpetitcharran.fr\/"},"organizer":{"@type":"Person","name":"Association ASAC","description":"","url":"https:\/\/www.facebook.com\/solidarite.dromeardeche?comment_id=Y29tbWVudDo1Mzg1MTQzNDU1Mjg5MjdfMTkzNjU0NzEzMzUxMTk2NA","telephone":"06 41 51 33 69","email":"&#111;&#108;&#105;dar&#105;&#116;e&#99;amer&#50;6&#64;g&#109;ai&#108;.c&#111;&#109;","sameAs":"https:\/\/www.facebook.com\/solidarite.dromeardeche?comment_id=Y29tbWVudDo1Mzg1MTQzNDU1Mjg5MjdfMTkzNjU0NzEzMzUxMTk2NA"},"performer":"Organization"}}